{"id":3557,"date":"2025-07-04T02:49:02","date_gmt":"2025-07-04T00:49:02","guid":{"rendered":"https:\/\/periodicolarepublica.com\/?p=3557"},"modified":"2025-07-04T02:49:02","modified_gmt":"2025-07-04T00:49:02","slug":"denuncian-abusos-de-edeeste-con-apagones-disfrazados-de-mantenimiento","status":"publish","type":"post","link":"https:\/\/periodicolarepublica.com\/index.php\/2025\/07\/04\/denuncian-abusos-de-edeeste-con-apagones-disfrazados-de-mantenimiento\/","title":{"rendered":"Denuncian abusos de EDEESTE con apagones disfrazados de mantenimiento"},"content":{"rendered":"<p>Moradores y comerciantes del municipio Santo Domingo Este han levantado su voz de alarma ante los prolongados y frecuentes apagones que se est\u00e1n registrando en diversos sectores, los cuales, seg\u00fan la Empresa Distribuidora de Electricidad del Este (EDEESTE), se deben a \u201clabores de mantenimiento programado\u201d.<\/p>\n<p>Sin embargo, l\u00edderes comunitarios y ciudadanos han denunciado que estos cortes el\u00e9ctricos no solo son excesivamente largos, sino tambi\u00e9n constantes, afectando gravemente la vida cotidiana, la seguridad de los hogares y el funcionamiento de los negocios.<\/p>\n<p>\u201cEDEESTE est\u00e1 abusando de la paciencia del pueblo. Llaman a esto \u2018mantenimiento programado\u2019, pero en la pr\u00e1ctica son apagones encubiertos que se repiten a diario en distintos sectores\u201d, expres\u00f3 uno de los voceros comunitarios.<\/p>\n<p>Muchos comerciantes aseguran que las p\u00e9rdidas econ\u00f3micas son ya insostenibles, sobre todo en colmados, salones, ferreter\u00edas, centros de internet y peque\u00f1os supermercados que dependen del suministro el\u00e9ctrico continuo para operar con eficiencia.<\/p>\n<p>Los afectados hacen un llamado urgente al Gobierno central y a la Superintendencia de Electricidad para que investiguen la frecuencia y duraci\u00f3n de estos apagones \u201cprogramados\u201d, y exijan a EDEESTE una soluci\u00f3n real y transparente.<\/p>\n<p>\u201cEl pueblo est\u00e1 cansado de excusas t\u00e9cnicas mientras paga facturas cada vez m\u00e1s altas por un servicio deficiente. Ya no aguantamos m\u00e1s\u201d, se\u00f1alaron.<img loading=\"lazy\" decoding=\"async\" class=\"size-full wp-image-800 alignright\" src=\"https:\/\/periodicolarepublica.com\/wp-content\/uploads\/2024\/05\/logo-la-republica200px.png\" alt=\"\" width=\"210\" height=\"72\" srcset=\"https:\/\/periodicolarepublica.com\/wp-content\/uploads\/2024\/05\/logo-la-republica200px.png 210w, https:\/\/periodicolarepublica.com\/wp-content\/uploads\/2024\/05\/logo-la-republica200px-150x51.png 150w\" sizes=\"auto, (max-width: 210px) 100vw, 210px\" \/><\/p>\n","protected":false},"excerpt":{"rendered":"<p>Moradores y comerciantes del municipio Santo Domingo Este han levantado su voz de alarma ante los prolongados y frecuentes apagones que se est\u00e1n registrando en diversos sectores, los cuales, seg\u00fan la Empresa Distribuidora de Electricidad del Este (EDEESTE), se deben a \u201clabores de mantenimiento programado\u201d. Sin embargo, l\u00edderes comunitarios y ciudadanos han denunciado que estos [&hellip;]<\/p>\n","protected":false},"author":10,"featured_media":800,"comment_status":"open","ping_status":"open","sticky":false,"template":"","format":"standard","meta":{"om_disable_all_campaigns":false,"_monsterinsights_skip_tracking":false,"_monsterinsights_sitenote_active":false,"_monsterinsights_sitenote_note":"","_monsterinsights_sitenote_category":0,"footnotes":""},"categories":[1],"tags":[],"class_list":{"0":"post-3557","1":"post","2":"type-post","3":"status-publish","4":"format-standard","5":"has-post-thumbnail","7":"category-nacionales"},"aioseo_notices":[],"_links":{"self":[{"href":"https:\/\/periodicolarepublica.com\/index.php\/wp-json\/wp\/v2\/posts\/3557","targetHints":{"allow":["GET"]}}],"collection":[{"href":"https:\/\/periodicolarepublica.com\/index.php\/wp-json\/wp\/v2\/posts"}],"about":[{"href":"https:\/\/periodicolarepublica.com\/index.php\/wp-json\/wp\/v2\/types\/post"}],"author":[{"embeddable":true,"href":"https:\/\/periodicolarepublica.com\/index.php\/wp-json\/wp\/v2\/users\/10"}],"replies":[{"embeddable":true,"href":"https:\/\/periodicolarepublica.com\/index.php\/wp-json\/wp\/v2\/comments?post=3557"}],"version-history":[{"count":1,"href":"https:\/\/periodicolarepublica.com\/index.php\/wp-json\/wp\/v2\/posts\/3557\/revisions"}],"predecessor-version":[{"id":3558,"href":"https:\/\/periodicolarepublica.com\/index.php\/wp-json\/wp\/v2\/posts\/3557\/revisions\/3558"}],"wp:featuredmedia":[{"embeddable":true,"href":"https:\/\/periodicolarepublica.com\/index.php\/wp-json\/wp\/v2\/media\/800"}],"wp:attachment":[{"href":"https:\/\/periodicolarepublica.com\/index.php\/wp-json\/wp\/v2\/media?parent=3557"}],"wp:term":[{"taxonomy":"category","embeddable":true,"href":"https:\/\/periodicolarepublica.com\/index.php\/wp-json\/wp\/v2\/categories?post=3557"},{"taxonomy":"post_tag","embeddable":true,"href":"https:\/\/periodicolarepublica.com\/index.php\/wp-json\/wp\/v2\/tags?post=3557"}],"curies":[{"name":"wp","href":"https:\/\/api.w.org\/{rel}","templated":true}]}}