{"id":3562,"date":"2025-07-05T14:04:30","date_gmt":"2025-07-05T12:04:30","guid":{"rendered":"https:\/\/periodicolarepublica.com\/?p=3562"},"modified":"2025-07-05T14:04:30","modified_gmt":"2025-07-05T12:04:30","slug":"rdporloalto-advierte-los-dias-del-foam-y-las-fundas-plasticas-estan-contados","status":"publish","type":"post","link":"https:\/\/periodicolarepublica.com\/index.php\/2025\/07\/05\/rdporloalto-advierte-los-dias-del-foam-y-las-fundas-plasticas-estan-contados\/","title":{"rendered":"RDPorLoAlto advierte: los d\u00edas del foam y las fundas pl\u00e1sticas est\u00e1n contados"},"content":{"rendered":"<p>Santo Domingo, R.D. \u2013 La campa\u00f1a patri\u00f3tica RDPorLoAlto, que impulsa el Hernani Aquino, record\u00f3 este jueves que el pr\u00f3ximo 2 de octubre de 2025 se cumple el plazo legal establecido en el Art\u00edculo 172 de la Ley 225-20 sobre la prohibici\u00f3n del uso del *foam (poliestireno expandido) para alimentos y bebidas, as\u00ed como la entrega gratuita de *fundas pl\u00e1sticas de un solo uso en los establecimientos comerciales.<\/p>\n<p>&nbsp;<\/p>\n<p>RDPorLoAlto resalta que esta disposici\u00f3n, aprobada en la Ley General de Gesti\u00f3n Integral y Coprocesamiento de Residuos S\u00f3lidos, da cumplimiento a un mandato ambiental y social que busca reducir el impacto negativo de estos residuos sobre el medioambiente, la salud y la sostenibilidad del pa\u00eds. El marco legal otorg\u00f3 *60 meses de transici\u00f3n, los cuales vencen este a\u00f1o sin espacio para m\u00e1s dilaciones.<\/p>\n<p>La Rep\u00fablica Dominicana est\u00e1 llamada a cumplir con este compromiso hist\u00f3rico y ambiental. No es momento de retrocesos, sino de asumir con firmeza y responsabilidad el camino hacia un pa\u00eds m\u00e1s limpio, sano y consciente\u201d, expres\u00f3 Aquino, quien llam\u00f3 a las autoridades, al Congreso y a la ciudadan\u00eda a respetar lo pactado y evitar presiones que busquen posponer lo inaplazable.<\/p>\n<p>&nbsp;<\/p>\n<p>Finalmente, la campa\u00f1a RDPorLoAlto exhort\u00f3 a los sectores productivos, comerciales y sociales a sumarse a esta transformaci\u00f3n con alternativas biodegradables y sostenibles, que marquen una nueva era en la relaci\u00f3n del pa\u00eds con el medioambiente, y reiter\u00f3 que el cumplimiento de la ley es una victoria de todos los dominicanos.<\/p>\n<p><img loading=\"lazy\" decoding=\"async\" class=\"alignnone size-medium wp-image-3537\" src=\"https:\/\/periodicolarepublica.com\/wp-content\/uploads\/2025\/07\/IMG_20250702_091637-300x238.jpg\" alt=\"\" width=\"300\" height=\"238\" srcset=\"https:\/\/periodicolarepublica.com\/wp-content\/uploads\/2025\/07\/IMG_20250702_091637-300x238.jpg 300w, https:\/\/periodicolarepublica.com\/wp-content\/uploads\/2025\/07\/IMG_20250702_091637-150x119.jpg 150w, https:\/\/periodicolarepublica.com\/wp-content\/uploads\/2025\/07\/IMG_20250702_091637-600x475.jpg 600w, https:\/\/periodicolarepublica.com\/wp-content\/uploads\/2025\/07\/IMG_20250702_091637.jpg 649w\" sizes=\"auto, (max-width: 300px) 100vw, 300px\" \/><\/p>\n","protected":false},"excerpt":{"rendered":"<p>Santo Domingo, R.D. \u2013 La campa\u00f1a patri\u00f3tica RDPorLoAlto, que impulsa el Hernani Aquino, record\u00f3 este jueves que el pr\u00f3ximo 2 de octubre de 2025 se cumple el plazo legal establecido en el Art\u00edculo 172 de la Ley 225-20 sobre la prohibici\u00f3n del uso del *foam (poliestireno expandido) para alimentos y bebidas, as\u00ed como la entrega [&hellip;]<\/p>\n","protected":false},"author":6,"featured_media":3537,"comment_status":"open","ping_status":"open","sticky":false,"template":"","format":"standard","meta":{"om_disable_all_campaigns":false,"_monsterinsights_skip_tracking":false,"_monsterinsights_sitenote_active":false,"_monsterinsights_sitenote_note":"","_monsterinsights_sitenote_category":0,"footnotes":""},"categories":[1],"tags":[410,405,409],"class_list":{"0":"post-3562","1":"post","2":"type-post","3":"status-publish","4":"format-standard","5":"has-post-thumbnail","7":"category-nacionales","8":"tag-nofoamrd","9":"tag-rd-por-lo-alto","10":"tag-rdporloalto"},"aioseo_notices":[],"_links":{"self":[{"href":"https:\/\/periodicolarepublica.com\/index.php\/wp-json\/wp\/v2\/posts\/3562","targetHints":{"allow":["GET"]}}],"collection":[{"href":"https:\/\/periodicolarepublica.com\/index.php\/wp-json\/wp\/v2\/posts"}],"about":[{"href":"https:\/\/periodicolarepublica.com\/index.php\/wp-json\/wp\/v2\/types\/post"}],"author":[{"embeddable":true,"href":"https:\/\/periodicolarepublica.com\/index.php\/wp-json\/wp\/v2\/users\/6"}],"replies":[{"embeddable":true,"href":"https:\/\/periodicolarepublica.com\/index.php\/wp-json\/wp\/v2\/comments?post=3562"}],"version-history":[{"count":2,"href":"https:\/\/periodicolarepublica.com\/index.php\/wp-json\/wp\/v2\/posts\/3562\/revisions"}],"predecessor-version":[{"id":3564,"href":"https:\/\/periodicolarepublica.com\/index.php\/wp-json\/wp\/v2\/posts\/3562\/revisions\/3564"}],"wp:featuredmedia":[{"embeddable":true,"href":"https:\/\/periodicolarepublica.com\/index.php\/wp-json\/wp\/v2\/media\/3537"}],"wp:attachment":[{"href":"https:\/\/periodicolarepublica.com\/index.php\/wp-json\/wp\/v2\/media?parent=3562"}],"wp:term":[{"taxonomy":"category","embeddable":true,"href":"https:\/\/periodicolarepublica.com\/index.php\/wp-json\/wp\/v2\/categories?post=3562"},{"taxonomy":"post_tag","embeddable":true,"href":"https:\/\/periodicolarepublica.com\/index.php\/wp-json\/wp\/v2\/tags?post=3562"}],"curies":[{"name":"wp","href":"https:\/\/api.w.org\/{rel}","templated":true}]}}