{"id":3566,"date":"2025-07-05T14:21:23","date_gmt":"2025-07-05T12:21:23","guid":{"rendered":"https:\/\/periodicolarepublica.com\/?p=3566"},"modified":"2025-07-05T14:21:23","modified_gmt":"2025-07-05T12:21:23","slug":"raquel-pena-encabeza-entrega-de-obras-de-salud-en-puerto-plata-y-santiago-y-caipi-en-bahoruco","status":"publish","type":"post","link":"https:\/\/periodicolarepublica.com\/index.php\/2025\/07\/05\/raquel-pena-encabeza-entrega-de-obras-de-salud-en-puerto-plata-y-santiago-y-caipi-en-bahoruco\/","title":{"rendered":"Raquel Pe\u00f1a encabeza entrega de obras de salud en Puerto Plata y Santiago y Caipi en Bahoruco"},"content":{"rendered":"<p>Las nuevas instalaciones incluyen un CAIPI, una unidad de Pie Diab\u00e9tico y \u00e1reas de cuidados intensivos, en favor de una atenci\u00f3n m\u00e9dica m\u00e1s eficiente y cercana._<\/p>\n<p>Santiago, RD. &#8211; Bahoruco, Santiago y Puerto Plata estrenaron este vienes nuevas instalaciones para la estimulaci\u00f3n temprana de ni\u00f1os y ni\u00f1as, la atenci\u00f3n especializada, y el cuidado de pacientes diab\u00e9ticos, inauguradas por la vicepresidenta de la Rep\u00fablica, Raquel Pe\u00f1a, como parte del compromiso del Gobierno con el fortalecimiento del sistema de salud.<\/p>\n<p>Se trata del Centro de Atenci\u00f3n a la Primera Infancia (Caipi), la unidad de Pie Diab\u00e9tico en el Hospital Municipal de Imbert, y las nuevas \u00e1reas de la Unidad de Cuidados Intensivos (UCI) de la Cl\u00ednica Uni\u00f3n M\u00e9dica del Norte.<\/p>\n<p>&nbsp;<\/p>\n<p>Durante el desarrollo de la agenda, la vicepresidenta manifest\u00f3 que con estas inauguraciones contin\u00faan avanzando en la misi\u00f3n de que cada dominicano y dominicana, sin importar d\u00f3nde viva, tenga acceso a atenci\u00f3n m\u00e9dica digna y oportuna.<\/p>\n<p>&nbsp;<\/p>\n<p>\u201cReafirmamos nuestro compromiso con un principio fundamental: que la salud debe ser un derecho, no un privilegio\u201d, enfatiz\u00f3 Raquel Pe\u00f1a.<\/p>\n<p>&nbsp;<\/p>\n<p>*Santiago*<\/p>\n<p>&nbsp;<\/p>\n<p>En Santiago, la vicemandataria encabez\u00f3 el acto de inauguraci\u00f3n de la referida \u00e1rea de UCI y la incorporaci\u00f3n de equipos de \u00faltima tecnolog\u00eda de la Uni\u00f3n M\u00e9dica del Norte, entre los que figuran un mam\u00f3grafo VIOLA DBT 30000 \u2013 GMM, que incorpora tecnolog\u00eda de tomos\u00edntesis 3D, permitiendo una visualizaci\u00f3n por capas del tejido mamario con mayor precisi\u00f3n y confort para las pacientes.<\/p>\n<p>&nbsp;<\/p>\n<p>A esta innovaci\u00f3n se suman el sistema de Medicina Nuclear Siemens Symbia Evo, con fusi\u00f3n de im\u00e1genes funcionales y anat\u00f3micas (SPECT\/CT), el Densit\u00f3metro \u00d3seo X-Ray con tecnolog\u00eda DEXA para la prevenci\u00f3n de osteoporosis, y el Tom\u00f3grafo Revolution Apex Elite 3.0 de GE Healthcare, que ofrece im\u00e1genes de alta definici\u00f3n con m\u00ednima exposici\u00f3n a radiaci\u00f3n.<\/p>\n<p>&nbsp;<\/p>\n<p>Juli\u00e1n Sued, presidente del Consejo de Administraci\u00f3n de Uni\u00f3n M\u00e9dica, resalt\u00f3 que esta inversi\u00f3n representa el firme compromiso con ofrecer atenci\u00f3n m\u00e9dica de clase mundial, dotada de infraestructura moderna, tecnolog\u00eda de punta y un personal altamente capacitado que trabaja con vocaci\u00f3n y \u00e9tica.<\/p>\n<p>&nbsp;<\/p>\n<p>Sued entreg\u00f3 una distinci\u00f3n especial a la vicepresidenta en reconocimiento a su respaldo continuo al fortalecimiento del sistema de salud nacional, y su ejemplo de liderazgo cercano, humano y transformador.<\/p>\n<p>&nbsp;<\/p>\n<p>La implementaci\u00f3n de estas tecnolog\u00edas impactan de forma directa en la atenci\u00f3n del paciente al permitir diagn\u00f3sticos m\u00e1s tempranos, seguros y personalizados, con menor necesidad de procedimientos invasivos. Adem\u00e1s, posicionan a Santiago y al Cibao como un polo m\u00e9dico de alta complejidad, reduciendo la necesidad de traslado hacia otras ciudades o pa\u00edses para acceder a estudios especializados.<\/p>\n<p>&nbsp;<\/p>\n<p>*Puerto Plata*<\/p>\n<p>&nbsp;<\/p>\n<p>En tanto, en la entrega de la unidad de Pie Diab\u00e9tico en Imbert, la vicemandataria, junto a al director del Servicio Nacional de Salud (SNS), Mario Lama, dej\u00f3 en funcionamiento la segunda de de diez nuevas unidades que se levantar\u00e1n en distintos puntos del pa\u00eds, respondiendo a una estrategia nacional.<\/p>\n<p>&nbsp;<\/p>\n<p>La nueva unidad, que beneficiar\u00e1 a m\u00e1s de 22 mil habitantes en este municipio, represent\u00f3 una inversi\u00f3n total de RD$34,847,433.87, de los cuales RD$30,863,818.06 fueron destinados a obras de infraestructura y RD$3,983,615.81 a equipamiento m\u00e9dico.<\/p>\n<p>&nbsp;<\/p>\n<p>El director ejecutivo del SNS, doctor Mario Lama, record\u00f3 que la primera Unidad de Pie Diab\u00e9tico fue inaugurada en el Hospital Marcelino V\u00e9lez Santana, y que esta nueva apertura en Imbert representa un avance significativo en la expansi\u00f3n de la red nacional de atenci\u00f3n especializada para personas con diabetes.<\/p>\n<p>&nbsp;<\/p>\n<p>\u201cCon estas unidades estamos respondiendo a una necesidad real en comunidades donde la demanda de atenci\u00f3n especializada es alta. Estamos creando espacios funcionales y bien equipados para brindar un abordaje integral, oportuno y continuo a los pacientes que viven con esta condici\u00f3n cr\u00f3nica\u201d, afirm\u00f3 Lama.<\/p>\n<p>&nbsp;<\/p>\n<p>El espacio cuenta con dos consultorios, \u00e1rea de curas limpias con cuatro cub\u00edculos, ba\u00f1o, estaci\u00f3n de Enfermer\u00eda, dos salas de curas sucias, quir\u00f3fano menor, cuarto de esterilizaci\u00f3n y sala de observaci\u00f3n con dos cub\u00edculos. Adem\u00e1s, incluye \u00e1reas de apoyo como sala de espera, ba\u00f1o com\u00fan, registro de pacientes, cuarto el\u00e9ctrico y oficina administrativa.<\/p>\n<p>&nbsp;<\/p>\n<p>*Bahoruco*<\/p>\n<p>&nbsp;<\/p>\n<p>Respecto al Caipi, este brindar\u00e1 servicios en Mena, provincia Bahoruco para 76 ni\u00f1os y ni\u00f1as de 0 a 5 a\u00f1os que viven en condiciones de vulnerabilidad, como parte del plan de expansi\u00f3n que impulsa el Gobierno para ampliar la cobertura de atenci\u00f3n a la primera infancia en todo el pa\u00eds.<\/p>\n<p>&nbsp;<\/p>\n<p>La vicepresidenta resalt\u00f3 que la inauguraci\u00f3n del nuevo CAIPI es \u201cla garant\u00eda de un mejor presente, y la promesa de un futuro m\u00e1s prometedor para Bahoruco\u201d.<\/p>\n<p>&nbsp;<\/p>\n<p>Raquel Pe\u00f1a sostuvo que proteger a a los ni\u00f1os y ni\u00f1as, nutrir su desarrollo y garantizar su bienestar es, sin duda, la mejor forma de apostar por un pa\u00eds m\u00e1s humano y resiliente.<\/p>\n<p>&nbsp;<\/p>\n<p>En ese sentido, indic\u00f3 que desde el Gobierno, que encabeza el presidente Luis Abinader, contin\u00faan firmes en la visi\u00f3n de llevar desarrollo y nuevas oportunidades a cada comunidad.<\/p>\n<p>&nbsp;<\/p>\n<p>En tanto que, la directora del INAIPI resalt\u00f3 la visi\u00f3n del presidente Luis Abinader en favor de la ni\u00f1ez, y asegur\u00f3 que en el CAIPI los infantes recibir\u00e1n atenci\u00f3n integral basada en los componentes de Estimulaci\u00f3n Temprana y Educaci\u00f3n; Salud y Nutrici\u00f3n; Atenciones a Necesidades Especiales y Discapacidad, para garantizar su desarrollo integral.<\/p>\n<p>&nbsp;<\/p>\n<p>Esta provincia cuenta con una totalidad de 12 centros, cinco de ellos CAIPI y siete son modalidad CAFI.<\/p>\n<p><img loading=\"lazy\" decoding=\"async\" class=\"alignnone size-medium wp-image-3567\" src=\"https:\/\/periodicolarepublica.com\/wp-content\/uploads\/2025\/07\/IMG-20250705-WA0002-scaled-e1751718035826-300x201.jpg\" alt=\"\" width=\"300\" height=\"201\" srcset=\"https:\/\/periodicolarepublica.com\/wp-content\/uploads\/2025\/07\/IMG-20250705-WA0002-scaled-e1751718035826-300x201.jpg 300w, https:\/\/periodicolarepublica.com\/wp-content\/uploads\/2025\/07\/IMG-20250705-WA0002-scaled-e1751718035826-150x101.jpg 150w, https:\/\/periodicolarepublica.com\/wp-content\/uploads\/2025\/07\/IMG-20250705-WA0002-scaled-e1751718035826-600x403.jpg 600w, https:\/\/periodicolarepublica.com\/wp-content\/uploads\/2025\/07\/IMG-20250705-WA0002-scaled-e1751718035826.jpg 678w\" sizes=\"auto, (max-width: 300px) 100vw, 300px\" \/><\/p>\n","protected":false},"excerpt":{"rendered":"<p>Las nuevas instalaciones incluyen un CAIPI, una unidad de Pie Diab\u00e9tico y \u00e1reas de cuidados intensivos, en favor de una atenci\u00f3n m\u00e9dica m\u00e1s eficiente y cercana._ Santiago, RD. &#8211; Bahoruco, Santiago y Puerto Plata estrenaron este vienes nuevas instalaciones para la estimulaci\u00f3n temprana de ni\u00f1os y ni\u00f1as, la atenci\u00f3n especializada, y el cuidado de pacientes [&hellip;]<\/p>\n","protected":false},"author":6,"featured_media":3567,"comment_status":"open","ping_status":"open","sticky":false,"template":"","format":"standard","meta":{"om_disable_all_campaigns":false,"_monsterinsights_skip_tracking":false,"_monsterinsights_sitenote_active":false,"_monsterinsights_sitenote_note":"","_monsterinsights_sitenote_category":0,"footnotes":""},"categories":[1],"tags":[335],"class_list":{"0":"post-3566","1":"post","2":"type-post","3":"status-publish","4":"format-standard","5":"has-post-thumbnail","7":"category-nacionales","8":"tag-raquel-pena-candidata"},"aioseo_notices":[],"_links":{"self":[{"href":"https:\/\/periodicolarepublica.com\/index.php\/wp-json\/wp\/v2\/posts\/3566","targetHints":{"allow":["GET"]}}],"collection":[{"href":"https:\/\/periodicolarepublica.com\/index.php\/wp-json\/wp\/v2\/posts"}],"about":[{"href":"https:\/\/periodicolarepublica.com\/index.php\/wp-json\/wp\/v2\/types\/post"}],"author":[{"embeddable":true,"href":"https:\/\/periodicolarepublica.com\/index.php\/wp-json\/wp\/v2\/users\/6"}],"replies":[{"embeddable":true,"href":"https:\/\/periodicolarepublica.com\/index.php\/wp-json\/wp\/v2\/comments?post=3566"}],"version-history":[{"count":1,"href":"https:\/\/periodicolarepublica.com\/index.php\/wp-json\/wp\/v2\/posts\/3566\/revisions"}],"predecessor-version":[{"id":3568,"href":"https:\/\/periodicolarepublica.com\/index.php\/wp-json\/wp\/v2\/posts\/3566\/revisions\/3568"}],"wp:featuredmedia":[{"embeddable":true,"href":"https:\/\/periodicolarepublica.com\/index.php\/wp-json\/wp\/v2\/media\/3567"}],"wp:attachment":[{"href":"https:\/\/periodicolarepublica.com\/index.php\/wp-json\/wp\/v2\/media?parent=3566"}],"wp:term":[{"taxonomy":"category","embeddable":true,"href":"https:\/\/periodicolarepublica.com\/index.php\/wp-json\/wp\/v2\/categories?post=3566"},{"taxonomy":"post_tag","embeddable":true,"href":"https:\/\/periodicolarepublica.com\/index.php\/wp-json\/wp\/v2\/tags?post=3566"}],"curies":[{"name":"wp","href":"https:\/\/api.w.org\/{rel}","templated":true}]}}