{"id":3572,"date":"2025-07-05T14:39:00","date_gmt":"2025-07-05T12:39:00","guid":{"rendered":"https:\/\/periodicolarepublica.com\/?p=3572"},"modified":"2025-07-05T14:39:00","modified_gmt":"2025-07-05T12:39:00","slug":"banco-popular-presenta-mini-reportaje-de-television-que-explora-musica-renacentista-y-barroca","status":"publish","type":"post","link":"https:\/\/periodicolarepublica.com\/index.php\/2025\/07\/05\/banco-popular-presenta-mini-reportaje-de-television-que-explora-musica-renacentista-y-barroca\/","title":{"rendered":"Banco Popular, presenta mini reportaje de televisi\u00f3n que explora m\u00fasica renacentista y barroca"},"content":{"rendered":"<p>Banco Popular, presenta mini reportaje de televisi\u00f3n que explora la m\u00fasica renacentista y barroca, a trav\u00e9s de una charla recital realizada en el Centro Cultural Ta\u00edno Casa del Cord\u00f3n.<\/p>\n<p>Durante el encuentro, los m\u00fasicos comentaron sobre distintas piezas y el uso de instrumentos musicales propios de la \u00e9poca barroca.<\/p>\n<p>La presentaci\u00f3n estuvo interpretada por los M\u00fasicos de la Villa, iniciativa de la Fundaci\u00f3n de la Villa de Santo Domingo, conformado por:<\/p>\n<p>\u00b7 Diego M\u00e9ndez en la guitarra barroca.<\/p>\n<p>\u00b7 Yaneyre Rossell\u00f3 en la tiorba.<\/p>\n<p>\u00b7 Flavia N\u00fa\u00f1ez en el canto.<\/p>\n<p>Puedes disfrutar el Mini reportaje en el el siguiente enlace de nuestro canal<\/p>\n<p>https:\/\/youtube.com\/@larepublicaoficial?si=xC7JKBam89xbwVrh<\/p>\n<p><img loading=\"lazy\" decoding=\"async\" class=\"alignnone size-medium wp-image-3090\" src=\"https:\/\/periodicolarepublica.com\/wp-content\/uploads\/2025\/04\/bpd250x250-300x158.jpg\" alt=\"\" width=\"300\" height=\"158\" srcset=\"https:\/\/periodicolarepublica.com\/wp-content\/uploads\/2025\/04\/bpd250x250-300x158.jpg 300w, https:\/\/periodicolarepublica.com\/wp-content\/uploads\/2025\/04\/bpd250x250-1024x538.jpg 1024w, https:\/\/periodicolarepublica.com\/wp-content\/uploads\/2025\/04\/bpd250x250-768x403.jpg 768w, https:\/\/periodicolarepublica.com\/wp-content\/uploads\/2025\/04\/bpd250x250-150x79.jpg 150w, https:\/\/periodicolarepublica.com\/wp-content\/uploads\/2025\/04\/bpd250x250-600x315.jpg 600w, https:\/\/periodicolarepublica.com\/wp-content\/uploads\/2025\/04\/bpd250x250-696x365.jpg 696w, https:\/\/periodicolarepublica.com\/wp-content\/uploads\/2025\/04\/bpd250x250-1068x561.jpg 1068w, https:\/\/periodicolarepublica.com\/wp-content\/uploads\/2025\/04\/bpd250x250.jpg 1200w\" sizes=\"auto, (max-width: 300px) 100vw, 300px\" \/><\/p>\n","protected":false},"excerpt":{"rendered":"<p>Banco Popular, presenta mini reportaje de televisi\u00f3n que explora la m\u00fasica renacentista y barroca, a trav\u00e9s de una charla recital realizada en el Centro Cultural Ta\u00edno Casa del Cord\u00f3n. Durante el encuentro, los m\u00fasicos comentaron sobre distintas piezas y el uso de instrumentos musicales propios de la \u00e9poca barroca. La presentaci\u00f3n estuvo interpretada por los [&hellip;]<\/p>\n","protected":false},"author":1,"featured_media":3090,"comment_status":"open","ping_status":"open","sticky":false,"template":"","format":"standard","meta":{"om_disable_all_campaigns":false,"_monsterinsights_skip_tracking":false,"_monsterinsights_sitenote_active":false,"_monsterinsights_sitenote_note":"","_monsterinsights_sitenote_category":0,"footnotes":""},"categories":[1],"tags":[76,119],"class_list":{"0":"post-3572","1":"post","2":"type-post","3":"status-publish","4":"format-standard","5":"has-post-thumbnail","7":"category-nacionales","8":"tag-banco-popular-dominicano","9":"tag-popularenlinea-com"},"aioseo_notices":[],"_links":{"self":[{"href":"https:\/\/periodicolarepublica.com\/index.php\/wp-json\/wp\/v2\/posts\/3572","targetHints":{"allow":["GET"]}}],"collection":[{"href":"https:\/\/periodicolarepublica.com\/index.php\/wp-json\/wp\/v2\/posts"}],"about":[{"href":"https:\/\/periodicolarepublica.com\/index.php\/wp-json\/wp\/v2\/types\/post"}],"author":[{"embeddable":true,"href":"https:\/\/periodicolarepublica.com\/index.php\/wp-json\/wp\/v2\/users\/1"}],"replies":[{"embeddable":true,"href":"https:\/\/periodicolarepublica.com\/index.php\/wp-json\/wp\/v2\/comments?post=3572"}],"version-history":[{"count":1,"href":"https:\/\/periodicolarepublica.com\/index.php\/wp-json\/wp\/v2\/posts\/3572\/revisions"}],"predecessor-version":[{"id":3573,"href":"https:\/\/periodicolarepublica.com\/index.php\/wp-json\/wp\/v2\/posts\/3572\/revisions\/3573"}],"wp:featuredmedia":[{"embeddable":true,"href":"https:\/\/periodicolarepublica.com\/index.php\/wp-json\/wp\/v2\/media\/3090"}],"wp:attachment":[{"href":"https:\/\/periodicolarepublica.com\/index.php\/wp-json\/wp\/v2\/media?parent=3572"}],"wp:term":[{"taxonomy":"category","embeddable":true,"href":"https:\/\/periodicolarepublica.com\/index.php\/wp-json\/wp\/v2\/categories?post=3572"},{"taxonomy":"post_tag","embeddable":true,"href":"https:\/\/periodicolarepublica.com\/index.php\/wp-json\/wp\/v2\/tags?post=3572"}],"curies":[{"name":"wp","href":"https:\/\/api.w.org\/{rel}","templated":true}]}}