{"id":3574,"date":"2025-07-06T14:31:39","date_gmt":"2025-07-06T12:31:39","guid":{"rendered":"https:\/\/periodicolarepublica.com\/?p=3574"},"modified":"2025-07-06T15:12:17","modified_gmt":"2025-07-06T13:12:17","slug":"igor-rodriguez-y-victor-atallah-supervisan-aeropuerto-de-la-romana-durante-visita","status":"publish","type":"post","link":"https:\/\/periodicolarepublica.com\/index.php\/2025\/07\/06\/igor-rodriguez-y-victor-atallah-supervisan-aeropuerto-de-la-romana-durante-visita\/","title":{"rendered":"Igor Rodr\u00edguez y V\u00edctor Atallah visitan instalaciones en La Romana, con gobierno en las provincias"},"content":{"rendered":"<p>Como parte de la iniciativa \u201cEl Gobierno en las Provincias\u201d, el director del Instituto Dominicano de Aviaci\u00f3n Civil (IDAC), Igor Rodr\u00edguez, visit\u00f3 La Romana acompa\u00f1ado del ministro de Salud P\u00fablica, V\u00edctor Atallah, con el objetivo de supervisar avances y necesidades en \u00e1reas clave para el desarrollo local.<\/p>\n<p>Durante el recorrido, las autoridades inspeccionaron las instalaciones como la Torre de Control del aeropuerto de La Romana y las instalaciones de\u00a0 Salud P\u00fablica en dicha demarcaci\u00f3n, reafirmando el compromiso del Gobierno con elevar la calidad de los servicios e infraestructuras que impactan directamente la vida de los ciudadanos.<\/p>\n<p>El principal objetivo de este programa de gobierno, es accionar la respuesta del gobierno que dirige el presidente Luis Abinader, y tanto Rodr\u00edguez como Atallah, dieron cumplimiento a los fines.<\/p>\n<p>Esta jornada refleja el enfoque integral del Gobierno para impulsar transformaciones concretas en las provincias, trabajando en equipo para garantizar progreso, seguridad y bienestar para todos.<\/p>\n<p><img loading=\"lazy\" decoding=\"async\" class=\"alignnone size-medium wp-image-3576\" src=\"https:\/\/periodicolarepublica.com\/wp-content\/uploads\/2025\/07\/IMG-20250706-WA0002-scaled-e1751804908448-300x264.jpg\" alt=\"\" width=\"300\" height=\"264\" srcset=\"https:\/\/periodicolarepublica.com\/wp-content\/uploads\/2025\/07\/IMG-20250706-WA0002-scaled-e1751804908448-300x264.jpg 300w, https:\/\/periodicolarepublica.com\/wp-content\/uploads\/2025\/07\/IMG-20250706-WA0002-scaled-e1751804908448-768x675.jpg 768w, https:\/\/periodicolarepublica.com\/wp-content\/uploads\/2025\/07\/IMG-20250706-WA0002-scaled-e1751804908448-150x132.jpg 150w, https:\/\/periodicolarepublica.com\/wp-content\/uploads\/2025\/07\/IMG-20250706-WA0002-scaled-e1751804908448-600x527.jpg 600w, https:\/\/periodicolarepublica.com\/wp-content\/uploads\/2025\/07\/IMG-20250706-WA0002-scaled-e1751804908448-696x612.jpg 696w, https:\/\/periodicolarepublica.com\/wp-content\/uploads\/2025\/07\/IMG-20250706-WA0002-scaled-e1751804908448.jpg 992w\" sizes=\"auto, (max-width: 300px) 100vw, 300px\" \/><\/p>\n","protected":false},"excerpt":{"rendered":"<p>Como parte de la iniciativa \u201cEl Gobierno en las Provincias\u201d, el director del Instituto Dominicano de Aviaci\u00f3n Civil (IDAC), Igor Rodr\u00edguez, visit\u00f3 La Romana acompa\u00f1ado del ministro de Salud P\u00fablica, V\u00edctor Atallah, con el objetivo de supervisar avances y necesidades en \u00e1reas clave para el desarrollo local. Durante el recorrido, las autoridades inspeccionaron las instalaciones [&hellip;]<\/p>\n","protected":false},"author":1,"featured_media":3576,"comment_status":"open","ping_status":"open","sticky":false,"template":"","format":"standard","meta":{"om_disable_all_campaigns":false,"_monsterinsights_skip_tracking":false,"_monsterinsights_sitenote_active":false,"_monsterinsights_sitenote_note":"","_monsterinsights_sitenote_category":0,"footnotes":""},"categories":[1],"tags":[358,161],"class_list":{"0":"post-3574","1":"post","2":"type-post","3":"status-publish","4":"format-standard","5":"has-post-thumbnail","7":"category-nacionales","8":"tag-igor-rodriguez","9":"tag-victor-atallah"},"aioseo_notices":[],"_links":{"self":[{"href":"https:\/\/periodicolarepublica.com\/index.php\/wp-json\/wp\/v2\/posts\/3574","targetHints":{"allow":["GET"]}}],"collection":[{"href":"https:\/\/periodicolarepublica.com\/index.php\/wp-json\/wp\/v2\/posts"}],"about":[{"href":"https:\/\/periodicolarepublica.com\/index.php\/wp-json\/wp\/v2\/types\/post"}],"author":[{"embeddable":true,"href":"https:\/\/periodicolarepublica.com\/index.php\/wp-json\/wp\/v2\/users\/1"}],"replies":[{"embeddable":true,"href":"https:\/\/periodicolarepublica.com\/index.php\/wp-json\/wp\/v2\/comments?post=3574"}],"version-history":[{"count":3,"href":"https:\/\/periodicolarepublica.com\/index.php\/wp-json\/wp\/v2\/posts\/3574\/revisions"}],"predecessor-version":[{"id":3591,"href":"https:\/\/periodicolarepublica.com\/index.php\/wp-json\/wp\/v2\/posts\/3574\/revisions\/3591"}],"wp:featuredmedia":[{"embeddable":true,"href":"https:\/\/periodicolarepublica.com\/index.php\/wp-json\/wp\/v2\/media\/3576"}],"wp:attachment":[{"href":"https:\/\/periodicolarepublica.com\/index.php\/wp-json\/wp\/v2\/media?parent=3574"}],"wp:term":[{"taxonomy":"category","embeddable":true,"href":"https:\/\/periodicolarepublica.com\/index.php\/wp-json\/wp\/v2\/categories?post=3574"},{"taxonomy":"post_tag","embeddable":true,"href":"https:\/\/periodicolarepublica.com\/index.php\/wp-json\/wp\/v2\/tags?post=3574"}],"curies":[{"name":"wp","href":"https:\/\/api.w.org\/{rel}","templated":true}]}}