{"id":3578,"date":"2025-07-06T14:35:16","date_gmt":"2025-07-06T12:35:16","guid":{"rendered":"https:\/\/periodicolarepublica.com\/?p=3578"},"modified":"2025-07-06T14:35:16","modified_gmt":"2025-07-06T12:35:16","slug":"alcaldia-de-spm-retira-vehiculos-mal-estacionados-y-chatarras-abandonadas-en-las-vias","status":"publish","type":"post","link":"https:\/\/periodicolarepublica.com\/index.php\/2025\/07\/06\/alcaldia-de-spm-retira-vehiculos-mal-estacionados-y-chatarras-abandonadas-en-las-vias\/","title":{"rendered":"Alcald\u00eda de SPM retira veh\u00edculos mal estacionados y chatarras abandonadas en las v\u00edas"},"content":{"rendered":"<p>Con el objetivo de organizar el tr\u00e1nsito en el municipio de San Pedro de Macor\u00eds, por instrucciones del *alcalde Raymundo Ortiz,* el Departamento de Tr\u00e1nsito, junto a la Polic\u00eda Municipal que dirige el coronel Julio Bastardo, y agentes de la Digesett, est\u00e1n retirando los veh\u00edculos mal estacionados (parqueados en doble fila o de forma indebida), as\u00ed como los veh\u00edculos abandonados y las denominadas chatarras que obstruyen la circulaci\u00f3n, tanto en los diferentes barrios como en las v\u00edas principales de la ciudad.<\/p>\n<p>Para estos fines, *el alcalde adquiri\u00f3 una gr\u00faa* que ahora forma parte de los equipos del Ayuntamiento Municipal de San Pedro de Macor\u00eds (@AlcaldiaSPM).<\/p>\n<p><img loading=\"lazy\" decoding=\"async\" class=\"alignnone size-full wp-image-3548\" src=\"https:\/\/periodicolarepublica.com\/wp-content\/uploads\/2025\/07\/IMG_20250703_125334.png\" alt=\"\" width=\"193\" height=\"139\" srcset=\"https:\/\/periodicolarepublica.com\/wp-content\/uploads\/2025\/07\/IMG_20250703_125334.png 193w, https:\/\/periodicolarepublica.com\/wp-content\/uploads\/2025\/07\/IMG_20250703_125334-150x108.png 150w\" sizes=\"auto, (max-width: 193px) 100vw, 193px\" \/><\/p>\n<p>&nbsp;<\/p>\n","protected":false},"excerpt":{"rendered":"<p>Con el objetivo de organizar el tr\u00e1nsito en el municipio de San Pedro de Macor\u00eds, por instrucciones del *alcalde Raymundo Ortiz,* el Departamento de Tr\u00e1nsito, junto a la Polic\u00eda Municipal que dirige el coronel Julio Bastardo, y agentes de la Digesett, est\u00e1n retirando los veh\u00edculos mal estacionados (parqueados en doble fila o de forma indebida), [&hellip;]<\/p>\n","protected":false},"author":6,"featured_media":3548,"comment_status":"open","ping_status":"open","sticky":false,"template":"","format":"standard","meta":{"om_disable_all_campaigns":false,"_monsterinsights_skip_tracking":false,"_monsterinsights_sitenote_active":false,"_monsterinsights_sitenote_note":"","_monsterinsights_sitenote_category":0,"footnotes":""},"categories":[1],"tags":[412],"class_list":{"0":"post-3578","1":"post","2":"type-post","3":"status-publish","4":"format-standard","5":"has-post-thumbnail","7":"category-nacionales","8":"tag-rafa-ortiz"},"aioseo_notices":[],"_links":{"self":[{"href":"https:\/\/periodicolarepublica.com\/index.php\/wp-json\/wp\/v2\/posts\/3578","targetHints":{"allow":["GET"]}}],"collection":[{"href":"https:\/\/periodicolarepublica.com\/index.php\/wp-json\/wp\/v2\/posts"}],"about":[{"href":"https:\/\/periodicolarepublica.com\/index.php\/wp-json\/wp\/v2\/types\/post"}],"author":[{"embeddable":true,"href":"https:\/\/periodicolarepublica.com\/index.php\/wp-json\/wp\/v2\/users\/6"}],"replies":[{"embeddable":true,"href":"https:\/\/periodicolarepublica.com\/index.php\/wp-json\/wp\/v2\/comments?post=3578"}],"version-history":[{"count":1,"href":"https:\/\/periodicolarepublica.com\/index.php\/wp-json\/wp\/v2\/posts\/3578\/revisions"}],"predecessor-version":[{"id":3579,"href":"https:\/\/periodicolarepublica.com\/index.php\/wp-json\/wp\/v2\/posts\/3578\/revisions\/3579"}],"wp:featuredmedia":[{"embeddable":true,"href":"https:\/\/periodicolarepublica.com\/index.php\/wp-json\/wp\/v2\/media\/3548"}],"wp:attachment":[{"href":"https:\/\/periodicolarepublica.com\/index.php\/wp-json\/wp\/v2\/media?parent=3578"}],"wp:term":[{"taxonomy":"category","embeddable":true,"href":"https:\/\/periodicolarepublica.com\/index.php\/wp-json\/wp\/v2\/categories?post=3578"},{"taxonomy":"post_tag","embeddable":true,"href":"https:\/\/periodicolarepublica.com\/index.php\/wp-json\/wp\/v2\/tags?post=3578"}],"curies":[{"name":"wp","href":"https:\/\/api.w.org\/{rel}","templated":true}]}}