{"id":3581,"date":"2025-07-06T14:46:25","date_gmt":"2025-07-06T12:46:25","guid":{"rendered":"https:\/\/periodicolarepublica.com\/?p=3581"},"modified":"2025-07-06T14:46:25","modified_gmt":"2025-07-06T12:46:25","slug":"digesett-y-parqueate-rd-activan-operativo-no-estacione-del-plan-rd-se-mueve","status":"publish","type":"post","link":"https:\/\/periodicolarepublica.com\/index.php\/2025\/07\/06\/digesett-y-parqueate-rd-activan-operativo-no-estacione-del-plan-rd-se-mueve\/","title":{"rendered":"DIGESETT y Parqu\u00e9ate RD activan operativo NO estacione del plan \u201cRD se mueve\u00bb"},"content":{"rendered":"<p>La Direcci\u00f3n General de Seguridad de Tr\u00e1nsito y Transporte Terrestre (DIGESETT) en coordinaci\u00f3n con el INTRANT y ParqueateRD inici\u00f3 este martes 1 de julio el operativo NO estaciones del plan nacional \u201cRD se mueve\u201d, enfocado en la regulaci\u00f3n y fiscalizaci\u00f3n de los veh\u00edculos mal estacionados en las principales v\u00edas del pa\u00eds.<\/p>\n<p>Con esta nueva etapa del plan, la DIGESETT ha desplegado un amplio operativo en distintos puntos espec\u00edficos, donde los agentes supervisan, fiscalizan y remolcan veh\u00edculos que obstruyen la circulaci\u00f3n vial. La medida busca garantizar el cumplimiento de las normativas de tr\u00e1nsito, promover el uso adecuado de los espacios p\u00fablicos y contribuir a una movilidad m\u00e1s fluida y segura para todos los ciudadanos.<\/p>\n<p>El propio director DIGESETT, general Pascual Cruz M\u00e9ndez, P.N., supervis\u00f3 personalmente las labores en el terreno, demostrando su compromiso con una gesti\u00f3n activa, cercana y efectiva.<\/p>\n<p>Mientras que, la ciudadan\u00eda ha manifestado su satisfacci\u00f3n ante esta iniciativa, destacando la mejor\u00eda en la movilidad, la disminuci\u00f3n del caos vehicular y el orden recuperado en las calles intervenidas.<\/p>\n<p>*Departamento de Comunicaciones DIGESETT*<\/p>\n<p><img loading=\"lazy\" decoding=\"async\" class=\"alignnone size-medium wp-image-3582\" src=\"https:\/\/periodicolarepublica.com\/wp-content\/uploads\/2025\/07\/Logo-DIGESETT-01-e1751805945148-300x238.jpg\" alt=\"\" width=\"300\" height=\"238\" srcset=\"https:\/\/periodicolarepublica.com\/wp-content\/uploads\/2025\/07\/Logo-DIGESETT-01-e1751805945148-300x238.jpg 300w, https:\/\/periodicolarepublica.com\/wp-content\/uploads\/2025\/07\/Logo-DIGESETT-01-e1751805945148-150x119.jpg 150w, https:\/\/periodicolarepublica.com\/wp-content\/uploads\/2025\/07\/Logo-DIGESETT-01-e1751805945148.jpg 324w\" sizes=\"auto, (max-width: 300px) 100vw, 300px\" \/><\/p>\n","protected":false},"excerpt":{"rendered":"<p>La Direcci\u00f3n General de Seguridad de Tr\u00e1nsito y Transporte Terrestre (DIGESETT) en coordinaci\u00f3n con el INTRANT y ParqueateRD inici\u00f3 este martes 1 de julio el operativo NO estaciones del plan nacional \u201cRD se mueve\u201d, enfocado en la regulaci\u00f3n y fiscalizaci\u00f3n de los veh\u00edculos mal estacionados en las principales v\u00edas del pa\u00eds. Con esta nueva etapa [&hellip;]<\/p>\n","protected":false},"author":6,"featured_media":3582,"comment_status":"open","ping_status":"open","sticky":false,"template":"","format":"standard","meta":{"om_disable_all_campaigns":false,"_monsterinsights_skip_tracking":false,"_monsterinsights_sitenote_active":false,"_monsterinsights_sitenote_note":"","_monsterinsights_sitenote_category":0,"footnotes":""},"categories":[33],"tags":[],"class_list":{"0":"post-3581","1":"post","2":"type-post","3":"status-publish","4":"format-standard","5":"has-post-thumbnail","7":"category-canal-financiero"},"aioseo_notices":[],"_links":{"self":[{"href":"https:\/\/periodicolarepublica.com\/index.php\/wp-json\/wp\/v2\/posts\/3581","targetHints":{"allow":["GET"]}}],"collection":[{"href":"https:\/\/periodicolarepublica.com\/index.php\/wp-json\/wp\/v2\/posts"}],"about":[{"href":"https:\/\/periodicolarepublica.com\/index.php\/wp-json\/wp\/v2\/types\/post"}],"author":[{"embeddable":true,"href":"https:\/\/periodicolarepublica.com\/index.php\/wp-json\/wp\/v2\/users\/6"}],"replies":[{"embeddable":true,"href":"https:\/\/periodicolarepublica.com\/index.php\/wp-json\/wp\/v2\/comments?post=3581"}],"version-history":[{"count":1,"href":"https:\/\/periodicolarepublica.com\/index.php\/wp-json\/wp\/v2\/posts\/3581\/revisions"}],"predecessor-version":[{"id":3583,"href":"https:\/\/periodicolarepublica.com\/index.php\/wp-json\/wp\/v2\/posts\/3581\/revisions\/3583"}],"wp:featuredmedia":[{"embeddable":true,"href":"https:\/\/periodicolarepublica.com\/index.php\/wp-json\/wp\/v2\/media\/3582"}],"wp:attachment":[{"href":"https:\/\/periodicolarepublica.com\/index.php\/wp-json\/wp\/v2\/media?parent=3581"}],"wp:term":[{"taxonomy":"category","embeddable":true,"href":"https:\/\/periodicolarepublica.com\/index.php\/wp-json\/wp\/v2\/categories?post=3581"},{"taxonomy":"post_tag","embeddable":true,"href":"https:\/\/periodicolarepublica.com\/index.php\/wp-json\/wp\/v2\/tags?post=3581"}],"curies":[{"name":"wp","href":"https:\/\/api.w.org\/{rel}","templated":true}]}}