{"id":3586,"date":"2025-07-06T14:55:06","date_gmt":"2025-07-06T12:55:06","guid":{"rendered":"https:\/\/periodicolarepublica.com\/?p=3586"},"modified":"2025-07-06T14:55:06","modified_gmt":"2025-07-06T12:55:06","slug":"fucimdres-revela-los-30-comunicadores-mas-bellos-de-republica-dominicana-en-2025","status":"publish","type":"post","link":"https:\/\/periodicolarepublica.com\/index.php\/2025\/07\/06\/fucimdres-revela-los-30-comunicadores-mas-bellos-de-republica-dominicana-en-2025\/","title":{"rendered":"FUCIMDRES revela los 30 comunicadores m\u00e1s bellos de Rep\u00fablica Dominicana en 2025\u00a0"},"content":{"rendered":"<p>FUCIMDRES revela los 30 comunicadores m\u00e1s bellos de Rep\u00fablica Dominicana en 2025<\/p>\n<p>Santo Domingo. \u2013 La Fundaci\u00f3n del C\u00edrculo de Medios Digitales y Redes Sociales (FUCIMDRES) revel\u00f3 su listado de los 30 comunicadores m\u00e1s bellos de la Rep\u00fablica Dominicana en 2025, destacando figuras de la televisi\u00f3n, radio, maestra de ceremonias, prensa digital e influencers, que combinan talento, carisma y una imagen impecable.<\/p>\n<p>&nbsp;<\/p>\n<p>El ranking, elaborado con base en votaciones en redes sociales y percepci\u00f3n p\u00fablica del 2 al 7 de junio del 2025, busca resaltar a los profesionales de la comunicaci\u00f3n, que no solo se destacan por su contenido, sino tambi\u00e9n por su presencia y estilo.<\/p>\n<p>&nbsp;<\/p>\n<p>Esta selecci\u00f3n, correspondiente al a\u00f1o 2025 con 135 mil votos, incluye figuras con amplia trayectoria y otras en ascenso que, adem\u00e1s de su atractivo f\u00edsico, han captado la atenci\u00f3n del p\u00fablico por su autenticidad, talento y conexi\u00f3n con la audiencia.<\/p>\n<p>&nbsp;<\/p>\n<p>Entre los seleccionados figuran:<\/p>\n<p>&nbsp;<\/p>\n<p>1.- Caroline Aquino 119,201<\/p>\n<p>2.- Jhoel L\u00f3pez 118,995<\/p>\n<p>3.- Nashla Bogaert 118,994<\/p>\n<p>4.- Nahiony Reyes 118,899<\/p>\n<p>5.- Ana Beato 118,801<\/p>\n<p>6.- Jenny Blanco 118,789<\/p>\n<p>7.- Jos\u00e9 Guillermo 118,723<\/p>\n<p>8.- Mar\u00eda Fernanda Tiburcio 118,702<\/p>\n<p>9.- Jessica Hasb\u00fan 118,679<\/p>\n<p>10.- Mois\u00e9s Salce 118,054<\/p>\n<p>11.- Hony Estrella 117,989<\/p>\n<p>12.- Carlos Dur\u00e1n 117,976<\/p>\n<p>13.- Denise Pe\u00f1a 117,968<\/p>\n<p>14.- Liza Blanco 117,001<\/p>\n<p>15.- Albert Mena 116,565<\/p>\n<p>16.- Marianne Cruz 116,515<\/p>\n<p>17.- Ivana Gavrilovic 116,513<\/p>\n<p>18:- Pamela Sued 116,234<\/p>\n<p>19.- Isaura Taveras 116,203<\/p>\n<p>20.- Sergio Carlo 116,101<\/p>\n<p>21.- Yubelkis Peralta 115,889<\/p>\n<p>22.- Mar\u00eda Luisa Molina 115,812<\/p>\n<p>23.- Karen Yapoort 115,745<\/p>\n<p>24.- Yulay Pi\u00f1a 115,457<\/p>\n<p>25.- Anthony Tejada 115,455<\/p>\n<p>26.- Ver\u00f3nica Batista 115,406<\/p>\n<p>27.- Anakarina Mill\u00e1n 114,567<\/p>\n<p>28.- Lizbeth Santos 114,423<\/p>\n<p>29.- Iluminada Mu\u00f1oz 114,323<\/p>\n<p>30.- Carmen Mu\u00f1oz 114,034<\/p>\n<p>&nbsp;<\/p>\n<p>FUCIMDRES destac\u00f3 que este listado reconoce el esfuerzo integral de los comunicadores, quienes impactan diariamente con su trabajo informativo y su imagen profesional ante la audiencia nacional e internacional.<\/p>\n<p><img loading=\"lazy\" decoding=\"async\" class=\"alignnone size-medium wp-image-3587\" src=\"https:\/\/periodicolarepublica.com\/wp-content\/uploads\/2025\/07\/IMG-20250706-WA0003-e1751806429967-300x238.jpg\" alt=\"\" width=\"300\" height=\"238\" srcset=\"https:\/\/periodicolarepublica.com\/wp-content\/uploads\/2025\/07\/IMG-20250706-WA0003-e1751806429967-300x238.jpg 300w, https:\/\/periodicolarepublica.com\/wp-content\/uploads\/2025\/07\/IMG-20250706-WA0003-e1751806429967-1024x811.jpg 1024w, https:\/\/periodicolarepublica.com\/wp-content\/uploads\/2025\/07\/IMG-20250706-WA0003-e1751806429967-768x608.jpg 768w, https:\/\/periodicolarepublica.com\/wp-content\/uploads\/2025\/07\/IMG-20250706-WA0003-e1751806429967-150x119.jpg 150w, https:\/\/periodicolarepublica.com\/wp-content\/uploads\/2025\/07\/IMG-20250706-WA0003-e1751806429967-600x475.jpg 600w, https:\/\/periodicolarepublica.com\/wp-content\/uploads\/2025\/07\/IMG-20250706-WA0003-e1751806429967-696x551.jpg 696w, https:\/\/periodicolarepublica.com\/wp-content\/uploads\/2025\/07\/IMG-20250706-WA0003-e1751806429967-1068x846.jpg 1068w, https:\/\/periodicolarepublica.com\/wp-content\/uploads\/2025\/07\/IMG-20250706-WA0003-e1751806429967.jpg 1222w\" sizes=\"auto, (max-width: 300px) 100vw, 300px\" \/><\/p>\n","protected":false},"excerpt":{"rendered":"<p>FUCIMDRES revela los 30 comunicadores m\u00e1s bellos de Rep\u00fablica Dominicana en 2025 Santo Domingo. \u2013 La Fundaci\u00f3n del C\u00edrculo de Medios Digitales y Redes Sociales (FUCIMDRES) revel\u00f3 su listado de los 30 comunicadores m\u00e1s bellos de la Rep\u00fablica Dominicana en 2025, destacando figuras de la televisi\u00f3n, radio, maestra de ceremonias, prensa digital e influencers, que [&hellip;]<\/p>\n","protected":false},"author":6,"featured_media":3587,"comment_status":"open","ping_status":"open","sticky":false,"template":"","format":"standard","meta":{"om_disable_all_campaigns":false,"_monsterinsights_skip_tracking":false,"_monsterinsights_sitenote_active":false,"_monsterinsights_sitenote_note":"","_monsterinsights_sitenote_category":0,"footnotes":""},"categories":[1],"tags":[],"class_list":{"0":"post-3586","1":"post","2":"type-post","3":"status-publish","4":"format-standard","5":"has-post-thumbnail","7":"category-nacionales"},"aioseo_notices":[],"_links":{"self":[{"href":"https:\/\/periodicolarepublica.com\/index.php\/wp-json\/wp\/v2\/posts\/3586","targetHints":{"allow":["GET"]}}],"collection":[{"href":"https:\/\/periodicolarepublica.com\/index.php\/wp-json\/wp\/v2\/posts"}],"about":[{"href":"https:\/\/periodicolarepublica.com\/index.php\/wp-json\/wp\/v2\/types\/post"}],"author":[{"embeddable":true,"href":"https:\/\/periodicolarepublica.com\/index.php\/wp-json\/wp\/v2\/users\/6"}],"replies":[{"embeddable":true,"href":"https:\/\/periodicolarepublica.com\/index.php\/wp-json\/wp\/v2\/comments?post=3586"}],"version-history":[{"count":1,"href":"https:\/\/periodicolarepublica.com\/index.php\/wp-json\/wp\/v2\/posts\/3586\/revisions"}],"predecessor-version":[{"id":3588,"href":"https:\/\/periodicolarepublica.com\/index.php\/wp-json\/wp\/v2\/posts\/3586\/revisions\/3588"}],"wp:featuredmedia":[{"embeddable":true,"href":"https:\/\/periodicolarepublica.com\/index.php\/wp-json\/wp\/v2\/media\/3587"}],"wp:attachment":[{"href":"https:\/\/periodicolarepublica.com\/index.php\/wp-json\/wp\/v2\/media?parent=3586"}],"wp:term":[{"taxonomy":"category","embeddable":true,"href":"https:\/\/periodicolarepublica.com\/index.php\/wp-json\/wp\/v2\/categories?post=3586"},{"taxonomy":"post_tag","embeddable":true,"href":"https:\/\/periodicolarepublica.com\/index.php\/wp-json\/wp\/v2\/tags?post=3586"}],"curies":[{"name":"wp","href":"https:\/\/api.w.org\/{rel}","templated":true}]}}