{"id":359,"date":"2024-02-01T23:40:18","date_gmt":"2024-02-01T22:40:18","guid":{"rendered":"https:\/\/periodicolarepublica.com\/?p=359"},"modified":"2024-02-01T23:40:18","modified_gmt":"2024-02-01T22:40:18","slug":"mas-de-30-ninos-dominicanos-tendrian-exposicion-de-arte-en-puerto-rico","status":"publish","type":"post","link":"https:\/\/periodicolarepublica.com\/index.php\/2024\/02\/01\/mas-de-30-ninos-dominicanos-tendrian-exposicion-de-arte-en-puerto-rico\/","title":{"rendered":"Mas de 30 Ni\u00f1os dominicanos tendr\u00edan exposici\u00f3n de arte en Puerto Rico"},"content":{"rendered":"<p>&nbsp;<\/p>\n<p>Bajo el nombre HILVANANDO ILUSIONES 2024, TIEMPO DE VOLAR, sera la exposici\u00f3n que se llevara a cabo en la casa Dominicana en Puerto Rico.<\/p>\n<p>Un exposici\u00f3n con los miembros de la Escuela de Arte Eliosnet Vidal van desde Santo Domingo, a presentarse el d\u00eda martes 20 de febrero a las 4:00 PM.<\/p>\n<p>El grupo de ni\u00f1os estar\u00e1n viajando acompa\u00f1ados de sus padres, exponiendo su talento y creatividad en una muestra que promete emocionar a todos los asistentes.<\/p>\n<p>Esta es una oportunidad \u00fanica para admirar y apoyar el talento de estos j\u00f3venes artistas dominicanos, quienes han trabajado arduamente para ofrecer una experiencia visual.<\/p>\n<p>La gira ser\u00e1 del 20 al 24 de este mes de febrero.<\/p>\n<p>El evento es abierto al p\u00fablico y se realiza en coordinaci\u00f3n con el Consulado Dominicano en Puerto Rico en el marco de las fiestas de la dominic<img loading=\"lazy\" decoding=\"async\" class=\"alignnone size-medium wp-image-360\" src=\"https:\/\/periodicolarepublica.com\/wp-content\/uploads\/2024\/02\/Picsart_24-02-01_13-50-12-642-300x113.jpg\" alt=\"\" width=\"300\" height=\"113\" srcset=\"https:\/\/periodicolarepublica.com\/wp-content\/uploads\/2024\/02\/Picsart_24-02-01_13-50-12-642-300x113.jpg?v=1715379820 300w, https:\/\/periodicolarepublica.com\/wp-content\/uploads\/2024\/02\/Picsart_24-02-01_13-50-12-642-1024x387.jpg?v=1715379820 1024w, https:\/\/periodicolarepublica.com\/wp-content\/uploads\/2024\/02\/Picsart_24-02-01_13-50-12-642-768x290.jpg?v=1715379820 768w, https:\/\/periodicolarepublica.com\/wp-content\/uploads\/2024\/02\/Picsart_24-02-01_13-50-12-642-1536x580.jpg?v=1715379820 1536w, https:\/\/periodicolarepublica.com\/wp-content\/uploads\/2024\/02\/Picsart_24-02-01_13-50-12-642-2048x774.jpg?v=1715379820 2048w, https:\/\/periodicolarepublica.com\/wp-content\/uploads\/2024\/02\/Picsart_24-02-01_13-50-12-642-150x57.jpg?v=1715379820 150w, https:\/\/periodicolarepublica.com\/wp-content\/uploads\/2024\/02\/Picsart_24-02-01_13-50-12-642-600x227.jpg?v=1715379820 600w, https:\/\/periodicolarepublica.com\/wp-content\/uploads\/2024\/02\/Picsart_24-02-01_13-50-12-642-696x263.jpg?v=1715379820 696w, https:\/\/periodicolarepublica.com\/wp-content\/uploads\/2024\/02\/Picsart_24-02-01_13-50-12-642-1392x526.jpg?v=1715379820 1392w, https:\/\/periodicolarepublica.com\/wp-content\/uploads\/2024\/02\/Picsart_24-02-01_13-50-12-642-1068x404.jpg?v=1715379820 1068w, https:\/\/periodicolarepublica.com\/wp-content\/uploads\/2024\/02\/Picsart_24-02-01_13-50-12-642-1920x726.jpg?v=1715379820 1920w\" sizes=\"auto, (max-width: 300px) 100vw, 300px\" \/>anidad en la hermana isla.<\/p>\n","protected":false},"excerpt":{"rendered":"<p>&nbsp; Bajo el nombre HILVANANDO ILUSIONES 2024, TIEMPO DE VOLAR, sera la exposici\u00f3n que se llevara a cabo en la casa Dominicana en Puerto Rico. Un exposici\u00f3n con los miembros de la Escuela de Arte Eliosnet Vidal van desde Santo Domingo, a presentarse el d\u00eda martes 20 de febrero a las 4:00 PM. El grupo [&hellip;]<\/p>\n","protected":false},"author":1,"featured_media":360,"comment_status":"open","ping_status":"open","sticky":false,"template":"","format":"standard","meta":{"om_disable_all_campaigns":false,"_monsterinsights_skip_tracking":false,"_monsterinsights_sitenote_active":false,"_monsterinsights_sitenote_note":"","_monsterinsights_sitenote_category":0,"footnotes":""},"categories":[1],"tags":[],"class_list":{"0":"post-359","1":"post","2":"type-post","3":"status-publish","4":"format-standard","5":"has-post-thumbnail","7":"category-nacionales"},"aioseo_notices":[],"_links":{"self":[{"href":"https:\/\/periodicolarepublica.com\/index.php\/wp-json\/wp\/v2\/posts\/359","targetHints":{"allow":["GET"]}}],"collection":[{"href":"https:\/\/periodicolarepublica.com\/index.php\/wp-json\/wp\/v2\/posts"}],"about":[{"href":"https:\/\/periodicolarepublica.com\/index.php\/wp-json\/wp\/v2\/types\/post"}],"author":[{"embeddable":true,"href":"https:\/\/periodicolarepublica.com\/index.php\/wp-json\/wp\/v2\/users\/1"}],"replies":[{"embeddable":true,"href":"https:\/\/periodicolarepublica.com\/index.php\/wp-json\/wp\/v2\/comments?post=359"}],"version-history":[{"count":1,"href":"https:\/\/periodicolarepublica.com\/index.php\/wp-json\/wp\/v2\/posts\/359\/revisions"}],"predecessor-version":[{"id":361,"href":"https:\/\/periodicolarepublica.com\/index.php\/wp-json\/wp\/v2\/posts\/359\/revisions\/361"}],"wp:featuredmedia":[{"embeddable":true,"href":"https:\/\/periodicolarepublica.com\/index.php\/wp-json\/wp\/v2\/media\/360"}],"wp:attachment":[{"href":"https:\/\/periodicolarepublica.com\/index.php\/wp-json\/wp\/v2\/media?parent=359"}],"wp:term":[{"taxonomy":"category","embeddable":true,"href":"https:\/\/periodicolarepublica.com\/index.php\/wp-json\/wp\/v2\/categories?post=359"},{"taxonomy":"post_tag","embeddable":true,"href":"https:\/\/periodicolarepublica.com\/index.php\/wp-json\/wp\/v2\/tags?post=359"}],"curies":[{"name":"wp","href":"https:\/\/api.w.org\/{rel}","templated":true}]}}