{"id":3596,"date":"2025-07-08T01:51:39","date_gmt":"2025-07-07T23:51:39","guid":{"rendered":"https:\/\/periodicolarepublica.com\/?p=3596"},"modified":"2025-07-08T01:51:39","modified_gmt":"2025-07-07T23:51:39","slug":"tomas-hernandez-alberto-destaca-la-gran-transformacion-del-pais-bajo-el-liderazgo-del-presidente-luis-abinader","status":"publish","type":"post","link":"https:\/\/periodicolarepublica.com\/index.php\/2025\/07\/08\/tomas-hernandez-alberto-destaca-la-gran-transformacion-del-pais-bajo-el-liderazgo-del-presidente-luis-abinader\/","title":{"rendered":"Tom\u00e1s Hern\u00e1ndez Alberto destaca la gran transformaci\u00f3n del pa\u00eds bajo el liderazgo del presidente Luis Abinader"},"content":{"rendered":"<p>Santo Domingo, R.D. \u2013 Durante un encuentro con juntas de vecinos y l\u00edderes comunitarios, el ingeniero Tom\u00e1s Hern\u00e1ndez Alberto, dirigente del movimiento Poder P\u2019al Pueblo, resalt\u00f3 el impacto positivo que ha tenido el gobierno del presidente Luis Abinader en las comunidades m\u00e1s necesitadas del pa\u00eds.<\/p>\n<p>&nbsp;<\/p>\n<p>Hern\u00e1ndez Alberto afirm\u00f3 que \u201cla Rep\u00fablica Dominicana est\u00e1 atravesando la mayor transformaci\u00f3n institucional y social de su historia reciente, gracias a la visi\u00f3n y el trabajo incansable del presidente Luis Abinader\u201d. A\u00f1adi\u00f3 que el mandatario mantiene una cercan\u00eda genuina con el pueblo, reuni\u00e9ndose de manera constante con juntas de vecinos y l\u00edderes barriales para escuchar sus necesidades y ejecutar soluciones concretas.<\/p>\n<p>&nbsp;<\/p>\n<p>\u201cEstamos ante un presidente que le duele el pueblo, que escucha con el coraz\u00f3n y responde con acciones reales. Es deber de todos defender y promover cada medida que beneficie a los m\u00e1s humildes\u201d, enfatiz\u00f3.<\/p>\n<p>&nbsp;<\/p>\n<p>El dirigente asegur\u00f3 que el movimiento Poder P\u2019al Pueblo continuar\u00e1 firme en su compromiso de respaldar las ejecutorias del gobierno y defender los logros alcanzados bajo esta gesti\u00f3n.<\/p>\n<p>&nbsp;<\/p>\n<p>\u201cNo descansaremos en defender cada paso que este buen gobierno ha dado en favor de los m\u00e1s vulnerables\u201d, concluy\u00f3.<img loading=\"lazy\" decoding=\"async\" class=\"size-medium wp-image-3593 alignright\" src=\"https:\/\/periodicolarepublica.com\/wp-content\/uploads\/2025\/07\/IMG_20250707_194729-300x224.jpg\" alt=\"\" width=\"300\" height=\"224\" srcset=\"https:\/\/periodicolarepublica.com\/wp-content\/uploads\/2025\/07\/IMG_20250707_194729-300x224.jpg?v=1751932193 300w, https:\/\/periodicolarepublica.com\/wp-content\/uploads\/2025\/07\/IMG_20250707_194729-1024x766.jpg?v=1751932193 1024w, https:\/\/periodicolarepublica.com\/wp-content\/uploads\/2025\/07\/IMG_20250707_194729-768x575.jpg?v=1751932193 768w, https:\/\/periodicolarepublica.com\/wp-content\/uploads\/2025\/07\/IMG_20250707_194729-1536x1149.jpg?v=1751932193 1536w, https:\/\/periodicolarepublica.com\/wp-content\/uploads\/2025\/07\/IMG_20250707_194729-2048x1532.jpg?v=1751932193 2048w, https:\/\/periodicolarepublica.com\/wp-content\/uploads\/2025\/07\/IMG_20250707_194729-150x112.jpg?v=1751932193 150w, https:\/\/periodicolarepublica.com\/wp-content\/uploads\/2025\/07\/IMG_20250707_194729-600x449.jpg?v=1751932193 600w, https:\/\/periodicolarepublica.com\/wp-content\/uploads\/2025\/07\/IMG_20250707_194729-485x360.jpg?v=1751932193 485w, https:\/\/periodicolarepublica.com\/wp-content\/uploads\/2025\/07\/IMG_20250707_194729-970x720.jpg?v=1751932193 970w, https:\/\/periodicolarepublica.com\/wp-content\/uploads\/2025\/07\/IMG_20250707_194729-696x521.jpg?v=1751932193 696w, https:\/\/periodicolarepublica.com\/wp-content\/uploads\/2025\/07\/IMG_20250707_194729-1392x1041.jpg?v=1751932193 1392w, https:\/\/periodicolarepublica.com\/wp-content\/uploads\/2025\/07\/IMG_20250707_194729-1068x799.jpg?v=1751932193 1068w, https:\/\/periodicolarepublica.com\/wp-content\/uploads\/2025\/07\/IMG_20250707_194729-1920x1436.jpg?v=1751932193 1920w, https:\/\/periodicolarepublica.com\/wp-content\/uploads\/2025\/07\/IMG_20250707_194729-265x198.jpg?v=1751932193 265w, https:\/\/periodicolarepublica.com\/wp-content\/uploads\/2025\/07\/IMG_20250707_194729-530x396.jpg?v=1751932193 530w\" sizes=\"auto, (max-width: 300px) 100vw, 300px\" \/><\/p>\n","protected":false},"excerpt":{"rendered":"<p>Santo Domingo, R.D. \u2013 Durante un encuentro con juntas de vecinos y l\u00edderes comunitarios, el ingeniero Tom\u00e1s Hern\u00e1ndez Alberto, dirigente del movimiento Poder P\u2019al Pueblo, resalt\u00f3 el impacto positivo que ha tenido el gobierno del presidente Luis Abinader en las comunidades m\u00e1s necesitadas del pa\u00eds. &nbsp; Hern\u00e1ndez Alberto afirm\u00f3 que \u201cla Rep\u00fablica Dominicana est\u00e1 atravesando [&hellip;]<\/p>\n","protected":false},"author":10,"featured_media":3593,"comment_status":"open","ping_status":"open","sticky":false,"template":"","format":"standard","meta":{"om_disable_all_campaigns":false,"_monsterinsights_skip_tracking":false,"_monsterinsights_sitenote_active":false,"_monsterinsights_sitenote_note":"","_monsterinsights_sitenote_category":0,"footnotes":""},"categories":[1],"tags":[163],"class_list":{"0":"post-3596","1":"post","2":"type-post","3":"status-publish","4":"format-standard","5":"has-post-thumbnail","7":"category-nacionales","8":"tag-tomas-hernandez-alberto"},"aioseo_notices":[],"_links":{"self":[{"href":"https:\/\/periodicolarepublica.com\/index.php\/wp-json\/wp\/v2\/posts\/3596","targetHints":{"allow":["GET"]}}],"collection":[{"href":"https:\/\/periodicolarepublica.com\/index.php\/wp-json\/wp\/v2\/posts"}],"about":[{"href":"https:\/\/periodicolarepublica.com\/index.php\/wp-json\/wp\/v2\/types\/post"}],"author":[{"embeddable":true,"href":"https:\/\/periodicolarepublica.com\/index.php\/wp-json\/wp\/v2\/users\/10"}],"replies":[{"embeddable":true,"href":"https:\/\/periodicolarepublica.com\/index.php\/wp-json\/wp\/v2\/comments?post=3596"}],"version-history":[{"count":1,"href":"https:\/\/periodicolarepublica.com\/index.php\/wp-json\/wp\/v2\/posts\/3596\/revisions"}],"predecessor-version":[{"id":3597,"href":"https:\/\/periodicolarepublica.com\/index.php\/wp-json\/wp\/v2\/posts\/3596\/revisions\/3597"}],"wp:featuredmedia":[{"embeddable":true,"href":"https:\/\/periodicolarepublica.com\/index.php\/wp-json\/wp\/v2\/media\/3593"}],"wp:attachment":[{"href":"https:\/\/periodicolarepublica.com\/index.php\/wp-json\/wp\/v2\/media?parent=3596"}],"wp:term":[{"taxonomy":"category","embeddable":true,"href":"https:\/\/periodicolarepublica.com\/index.php\/wp-json\/wp\/v2\/categories?post=3596"},{"taxonomy":"post_tag","embeddable":true,"href":"https:\/\/periodicolarepublica.com\/index.php\/wp-json\/wp\/v2\/tags?post=3596"}],"curies":[{"name":"wp","href":"https:\/\/api.w.org\/{rel}","templated":true}]}}