{"id":3599,"date":"2025-07-08T04:05:28","date_gmt":"2025-07-08T02:05:28","guid":{"rendered":"https:\/\/periodicolarepublica.com\/?p=3599"},"modified":"2025-07-08T04:05:28","modified_gmt":"2025-07-08T02:05:28","slug":"empresarias-en-tenis-rd-usa-celebra-un-encuentro-que-une-y-empodera-a-mujeres-lideres-de-la-diaspora-y-republica-dominicana","status":"publish","type":"post","link":"https:\/\/periodicolarepublica.com\/index.php\/2025\/07\/08\/empresarias-en-tenis-rd-usa-celebra-un-encuentro-que-une-y-empodera-a-mujeres-lideres-de-la-diaspora-y-republica-dominicana\/","title":{"rendered":"Empresarias en Tenis RD-USA celebra un encuentro que une y empodera a mujeres l\u00edderes de la di\u00e1spora y Rep\u00fablica Dominicana"},"content":{"rendered":"<p>Santo Domingo, R.D. \u2013 Con el objetivo de tender puentes de crecimiento, conexi\u00f3n y liderazgo entre mujeres de Rep\u00fablica Dominicana y Estados Unidos, se llev\u00f3 a cabo con gran \u00e9xito el encuentro Empresarias en Tenis RD-USA, una jornada inspiradora que reuni\u00f3 a empresarias, profesionales y mentoras decididas a transformar sus comunidades desde el poder de sus ideas.<\/p>\n<p>&nbsp;<\/p>\n<p>Durante el evento se vivi\u00f3 una experiencia enriquecedora donde el conocimiento estrat\u00e9gico, la visi\u00f3n de negocio y la conexi\u00f3n humana fueron los grandes protagonistas. La jornada cont\u00f3 con la participaci\u00f3n de figuras clave, entre ellas la periodista y estratega de comunicaci\u00f3n Walddy Lina Polanco, CEO de CR News y Los Regionarios, cuya voz se ha convertido en referente del liderazgo femenino y la comunicaci\u00f3n con prop\u00f3sito en el ecosistema digital.<\/p>\n<p>&nbsp;<\/p>\n<p>Uno de los momentos m\u00e1s esperados fue la presentaci\u00f3n del nuevo Diplomado Internacional en Ventas y Negocios, fruto de la alianza entre Spain Business School e I&amp;A Network, que busca fortalecer las capacidades de la di\u00e1spora latina a trav\u00e9s de una formaci\u00f3n moderna, pr\u00e1ctica y de alto nivel.<\/p>\n<p>&nbsp;<\/p>\n<p>\u201cEste diplomado es una apuesta directa por el liderazgo empresarial de nuestras comunidades. Educar para crecer y monetizar con prop\u00f3sito\u201d, expres\u00f3 Yasmin Chaljub, directora de I&amp;A Network y fundadora de Empresarias en Tenis.<\/p>\n<p>&nbsp;<\/p>\n<p>El evento tambi\u00e9n incluy\u00f3 un poderoso panel de expertas, donde tres profesionales compartieron claves esenciales para el desarrollo personal y profesional de las asistentes:<\/p>\n<p>\u2022 Ana Lidia Pe\u00f1a motiv\u00f3 al p\u00fablico a liderarse desde el interior, invitando a reconectarse con su prop\u00f3sito, construir espacios seguros y priorizar el bienestar emocional.<\/p>\n<p>\u2022 Patricia Dur\u00e1n enfoc\u00f3 su intervenci\u00f3n en la proyecci\u00f3n de marcas personales y comerciales, destacando que la esencia, el mensaje claro y el enfoque emocional son pilares para conectar con el cliente ideal.<\/p>\n<p>\u2022 Yasmin Chaljub, con m\u00e1s de 17 a\u00f1os de experiencia, comparti\u00f3 su metodolog\u00eda \u201cConectar, Liderar y Monetizar\u201d, orientada a transformar ideas en negocios rentables mediante el conocimiento del mercado, la claridad en la oferta y la acci\u00f3n estrat\u00e9gica.<\/p>\n<p>&nbsp;<\/p>\n<p>Empresarias en Tenis RD-USA reafirm\u00f3 as\u00ed su compromiso de seguir siendo una plataforma que une a mujeres l\u00edderes de ambos lados del continente, apostando al desarrollo sostenible, la sororidad empresarial y el impacto social a trav\u00e9s del emprendimiento femenino.<img loading=\"lazy\" decoding=\"async\" class=\"size-medium wp-image-3600 alignright\" src=\"https:\/\/periodicolarepublica.com\/wp-content\/uploads\/2025\/07\/IMG-20250707-WA0841-300x200.jpg\" alt=\"\" width=\"300\" height=\"200\" srcset=\"https:\/\/periodicolarepublica.com\/wp-content\/uploads\/2025\/07\/IMG-20250707-WA0841-300x200.jpg?v=1751940316 300w, https:\/\/periodicolarepublica.com\/wp-content\/uploads\/2025\/07\/IMG-20250707-WA0841-1024x682.jpg?v=1751940316 1024w, https:\/\/periodicolarepublica.com\/wp-content\/uploads\/2025\/07\/IMG-20250707-WA0841-768x512.jpg?v=1751940316 768w, https:\/\/periodicolarepublica.com\/wp-content\/uploads\/2025\/07\/IMG-20250707-WA0841-1536x1023.jpg?v=1751940316 1536w, https:\/\/periodicolarepublica.com\/wp-content\/uploads\/2025\/07\/IMG-20250707-WA0841-150x100.jpg?v=1751940316 150w, https:\/\/periodicolarepublica.com\/wp-content\/uploads\/2025\/07\/IMG-20250707-WA0841-600x400.jpg?v=1751940316 600w, https:\/\/periodicolarepublica.com\/wp-content\/uploads\/2025\/07\/IMG-20250707-WA0841-696x464.jpg?v=1751940316 696w, https:\/\/periodicolarepublica.com\/wp-content\/uploads\/2025\/07\/IMG-20250707-WA0841-1392x927.jpg?v=1751940316 1392w, https:\/\/periodicolarepublica.com\/wp-content\/uploads\/2025\/07\/IMG-20250707-WA0841-1068x712.jpg?v=1751940316 1068w, https:\/\/periodicolarepublica.com\/wp-content\/uploads\/2025\/07\/IMG-20250707-WA0841.jpg?v=1751940316 1600w\" sizes=\"auto, (max-width: 300px) 100vw, 300px\" \/><\/p>\n","protected":false},"excerpt":{"rendered":"<p>Santo Domingo, R.D. \u2013 Con el objetivo de tender puentes de crecimiento, conexi\u00f3n y liderazgo entre mujeres de Rep\u00fablica Dominicana y Estados Unidos, se llev\u00f3 a cabo con gran \u00e9xito el encuentro Empresarias en Tenis RD-USA, una jornada inspiradora que reuni\u00f3 a empresarias, profesionales y mentoras decididas a transformar sus comunidades desde el poder de [&hellip;]<\/p>\n","protected":false},"author":10,"featured_media":3600,"comment_status":"open","ping_status":"open","sticky":false,"template":"","format":"standard","meta":{"om_disable_all_campaigns":false,"_monsterinsights_skip_tracking":false,"_monsterinsights_sitenote_active":false,"_monsterinsights_sitenote_note":"","_monsterinsights_sitenote_category":0,"footnotes":""},"categories":[1],"tags":[],"class_list":{"0":"post-3599","1":"post","2":"type-post","3":"status-publish","4":"format-standard","5":"has-post-thumbnail","7":"category-nacionales"},"aioseo_notices":[],"_links":{"self":[{"href":"https:\/\/periodicolarepublica.com\/index.php\/wp-json\/wp\/v2\/posts\/3599","targetHints":{"allow":["GET"]}}],"collection":[{"href":"https:\/\/periodicolarepublica.com\/index.php\/wp-json\/wp\/v2\/posts"}],"about":[{"href":"https:\/\/periodicolarepublica.com\/index.php\/wp-json\/wp\/v2\/types\/post"}],"author":[{"embeddable":true,"href":"https:\/\/periodicolarepublica.com\/index.php\/wp-json\/wp\/v2\/users\/10"}],"replies":[{"embeddable":true,"href":"https:\/\/periodicolarepublica.com\/index.php\/wp-json\/wp\/v2\/comments?post=3599"}],"version-history":[{"count":1,"href":"https:\/\/periodicolarepublica.com\/index.php\/wp-json\/wp\/v2\/posts\/3599\/revisions"}],"predecessor-version":[{"id":3601,"href":"https:\/\/periodicolarepublica.com\/index.php\/wp-json\/wp\/v2\/posts\/3599\/revisions\/3601"}],"wp:featuredmedia":[{"embeddable":true,"href":"https:\/\/periodicolarepublica.com\/index.php\/wp-json\/wp\/v2\/media\/3600"}],"wp:attachment":[{"href":"https:\/\/periodicolarepublica.com\/index.php\/wp-json\/wp\/v2\/media?parent=3599"}],"wp:term":[{"taxonomy":"category","embeddable":true,"href":"https:\/\/periodicolarepublica.com\/index.php\/wp-json\/wp\/v2\/categories?post=3599"},{"taxonomy":"post_tag","embeddable":true,"href":"https:\/\/periodicolarepublica.com\/index.php\/wp-json\/wp\/v2\/tags?post=3599"}],"curies":[{"name":"wp","href":"https:\/\/api.w.org\/{rel}","templated":true}]}}