{"id":3602,"date":"2025-07-08T15:02:44","date_gmt":"2025-07-08T13:02:44","guid":{"rendered":"https:\/\/periodicolarepublica.com\/?p=3602"},"modified":"2025-07-08T15:02:44","modified_gmt":"2025-07-08T13:02:44","slug":"alarma-silenciosa-el-suicidio-juvenil-revela-una-crisis-de-salud-mental","status":"publish","type":"post","link":"https:\/\/periodicolarepublica.com\/index.php\/2025\/07\/08\/alarma-silenciosa-el-suicidio-juvenil-revela-una-crisis-de-salud-mental\/","title":{"rendered":"Alarma silenciosa: El suicidio juvenil revela una crisis de salud mental"},"content":{"rendered":"<p>&nbsp;<\/p>\n<p>Santo Domingo, Rep\u00fablica Dominicana. &#8211; En los \u00faltimos d\u00edas, el aumento de casos de suicidio en j\u00f3venes nos confronta con una realidad profundamente alarmante. Desde la perspectiva psicol\u00f3gica, el suicidio no debe entenderse como un acto impulsivo, sino como el desenlace de un sufrimiento sostenido, muchas veces invisibilizado y relacionado con trastornos como la depresi\u00f3n, el aislamiento social, la presi\u00f3n externa y la falta de contenci\u00f3n emocional.<\/p>\n<p>&nbsp;<\/p>\n<p>La depresi\u00f3n en adolescentes contin\u00faa siendo minimizada o malinterpretada. Signos como la tristeza prolongada, el retraimiento o la sensaci\u00f3n de desesperanza suelen confundirse con \u201ccrisis normales de la edad\u201d, lo que impide una intervenci\u00f3n oportuna. A esto se suman factores agravantes como el acoso escolar, la presi\u00f3n acad\u00e9mica y el impacto nocivo de la sobreexposici\u00f3n a redes sociales, que muchas veces distorsionan la percepci\u00f3n de la realidad y el valor personal.<\/p>\n<p>&nbsp;<\/p>\n<p>Frente a este panorama, se hace urgente la promoci\u00f3n activa de la salud mental desde edades tempranas. Es fundamental fortalecer los v\u00ednculos afectivos en el hogar, las escuelas y la comunidad, adem\u00e1s de garantizar el acceso a servicios de apoyo psicol\u00f3gico accesibles y de calidad.<\/p>\n<p>&nbsp;<\/p>\n<p>Escuchar con empat\u00eda, brindar contenci\u00f3n emocional y actuar a tiempo puede marcar la diferencia entre la vida y la muerte. Como sociedad, no podemos seguir desatendiendo este llamado. La prevenci\u00f3n del suicidio juvenil no es una opci\u00f3n: es una responsabilidad colectiva.<\/p>\n<p><img loading=\"lazy\" decoding=\"async\" class=\"alignnone size-medium wp-image-3603\" src=\"https:\/\/periodicolarepublica.com\/wp-content\/uploads\/2025\/07\/IMG-20250708-WA0002-e1751979666383-300x235.jpg\" alt=\"\" width=\"300\" height=\"235\" srcset=\"https:\/\/periodicolarepublica.com\/wp-content\/uploads\/2025\/07\/IMG-20250708-WA0002-e1751979666383-300x235.jpg 300w, https:\/\/periodicolarepublica.com\/wp-content\/uploads\/2025\/07\/IMG-20250708-WA0002-e1751979666383-768x603.jpg 768w, https:\/\/periodicolarepublica.com\/wp-content\/uploads\/2025\/07\/IMG-20250708-WA0002-e1751979666383-150x118.jpg 150w, https:\/\/periodicolarepublica.com\/wp-content\/uploads\/2025\/07\/IMG-20250708-WA0002-e1751979666383-600x471.jpg 600w, https:\/\/periodicolarepublica.com\/wp-content\/uploads\/2025\/07\/IMG-20250708-WA0002-e1751979666383-696x546.jpg 696w, https:\/\/periodicolarepublica.com\/wp-content\/uploads\/2025\/07\/IMG-20250708-WA0002-e1751979666383.jpg 790w\" sizes=\"auto, (max-width: 300px) 100vw, 300px\" \/><\/p>\n<p>@lcda.fatielylora<\/p>\n","protected":false},"excerpt":{"rendered":"<p>&nbsp; Santo Domingo, Rep\u00fablica Dominicana. &#8211; En los \u00faltimos d\u00edas, el aumento de casos de suicidio en j\u00f3venes nos confronta con una realidad profundamente alarmante. Desde la perspectiva psicol\u00f3gica, el suicidio no debe entenderse como un acto impulsivo, sino como el desenlace de un sufrimiento sostenido, muchas veces invisibilizado y relacionado con trastornos como la [&hellip;]<\/p>\n","protected":false},"author":6,"featured_media":3603,"comment_status":"open","ping_status":"open","sticky":false,"template":"","format":"standard","meta":{"om_disable_all_campaigns":false,"_monsterinsights_skip_tracking":false,"_monsterinsights_sitenote_active":false,"_monsterinsights_sitenote_note":"","_monsterinsights_sitenote_category":0,"footnotes":""},"categories":[1],"tags":[],"class_list":{"0":"post-3602","1":"post","2":"type-post","3":"status-publish","4":"format-standard","5":"has-post-thumbnail","7":"category-nacionales"},"aioseo_notices":[],"_links":{"self":[{"href":"https:\/\/periodicolarepublica.com\/index.php\/wp-json\/wp\/v2\/posts\/3602","targetHints":{"allow":["GET"]}}],"collection":[{"href":"https:\/\/periodicolarepublica.com\/index.php\/wp-json\/wp\/v2\/posts"}],"about":[{"href":"https:\/\/periodicolarepublica.com\/index.php\/wp-json\/wp\/v2\/types\/post"}],"author":[{"embeddable":true,"href":"https:\/\/periodicolarepublica.com\/index.php\/wp-json\/wp\/v2\/users\/6"}],"replies":[{"embeddable":true,"href":"https:\/\/periodicolarepublica.com\/index.php\/wp-json\/wp\/v2\/comments?post=3602"}],"version-history":[{"count":1,"href":"https:\/\/periodicolarepublica.com\/index.php\/wp-json\/wp\/v2\/posts\/3602\/revisions"}],"predecessor-version":[{"id":3604,"href":"https:\/\/periodicolarepublica.com\/index.php\/wp-json\/wp\/v2\/posts\/3602\/revisions\/3604"}],"wp:featuredmedia":[{"embeddable":true,"href":"https:\/\/periodicolarepublica.com\/index.php\/wp-json\/wp\/v2\/media\/3603"}],"wp:attachment":[{"href":"https:\/\/periodicolarepublica.com\/index.php\/wp-json\/wp\/v2\/media?parent=3602"}],"wp:term":[{"taxonomy":"category","embeddable":true,"href":"https:\/\/periodicolarepublica.com\/index.php\/wp-json\/wp\/v2\/categories?post=3602"},{"taxonomy":"post_tag","embeddable":true,"href":"https:\/\/periodicolarepublica.com\/index.php\/wp-json\/wp\/v2\/tags?post=3602"}],"curies":[{"name":"wp","href":"https:\/\/api.w.org\/{rel}","templated":true}]}}