{"id":3605,"date":"2025-07-08T19:28:58","date_gmt":"2025-07-08T17:28:58","guid":{"rendered":"https:\/\/periodicolarepublica.com\/?p=3605"},"modified":"2025-07-08T19:28:58","modified_gmt":"2025-07-08T17:28:58","slug":"arajet-inicia-ventas-de-su-nueva-ruta-entre-cordoba-y-punta-cana","status":"publish","type":"post","link":"https:\/\/periodicolarepublica.com\/index.php\/2025\/07\/08\/arajet-inicia-ventas-de-su-nueva-ruta-entre-cordoba-y-punta-cana\/","title":{"rendered":"Arajet inicia ventas de su nueva ruta entre C\u00f3rdoba y Punta Cana"},"content":{"rendered":"<p>La aerol\u00ednea inici\u00f3 sus ventas con tarifas desde USD$266 y 3 frecuencias semanales<\/p>\n<p>La aerol\u00ednea dominicana Arajet, inici\u00f3 las ventas de su nueva ruta directa entre la ciudad de C\u00f3rdoba, Argentina y el paradisiaco destino de Punta Cana, Rep\u00fablica Dominicana con tarifas que inician desde los USD$266 d\u00f3lares por trayecto, m\u00e1s impuestos y tasas, los vuelos comenzaron a venderse desde este martes 8 de julio y operar\u00e1n a partir del lunes 1 de diciembre de 2025.<\/p>\n<p>Esta nueva ruta operar\u00e1 con una frecuencia inicial de 3 vuelos por semana, viajando los lunes, jueves y s\u00e1bado desde Punta Cana a C\u00f3rdoba y los martes, viernes y domingo desde C\u00f3rdoba a Punta Cana contribuyendo as\u00ed significativamente al flujo tur\u00edstico bilateral.<\/p>\n<p><img loading=\"lazy\" decoding=\"async\" class=\"alignnone size-medium wp-image-2109\" src=\"https:\/\/periodicolarepublica.com\/wp-content\/uploads\/2024\/11\/Boeing_737_Max_-_HI1101_-_Arajet-300x200.jpg\" alt=\"\" width=\"300\" height=\"200\" srcset=\"https:\/\/periodicolarepublica.com\/wp-content\/uploads\/2024\/11\/Boeing_737_Max_-_HI1101_-_Arajet-300x200.jpg?v=1731517413 300w, https:\/\/periodicolarepublica.com\/wp-content\/uploads\/2024\/11\/Boeing_737_Max_-_HI1101_-_Arajet-1024x683.jpg?v=1731517413 1024w, https:\/\/periodicolarepublica.com\/wp-content\/uploads\/2024\/11\/Boeing_737_Max_-_HI1101_-_Arajet-768x512.jpg?v=1731517413 768w, https:\/\/periodicolarepublica.com\/wp-content\/uploads\/2024\/11\/Boeing_737_Max_-_HI1101_-_Arajet-150x100.jpg?v=1731517413 150w, https:\/\/periodicolarepublica.com\/wp-content\/uploads\/2024\/11\/Boeing_737_Max_-_HI1101_-_Arajet-600x400.jpg?v=1731517413 600w, https:\/\/periodicolarepublica.com\/wp-content\/uploads\/2024\/11\/Boeing_737_Max_-_HI1101_-_Arajet-696x464.jpg?v=1731517413 696w, https:\/\/periodicolarepublica.com\/wp-content\/uploads\/2024\/11\/Boeing_737_Max_-_HI1101_-_Arajet-1068x712.jpg?v=1731517413 1068w, https:\/\/periodicolarepublica.com\/wp-content\/uploads\/2024\/11\/Boeing_737_Max_-_HI1101_-_Arajet.jpg?v=1731517413 1200w\" sizes=\"auto, (max-width: 300px) 100vw, 300px\" \/><\/p>\n<p>&nbsp;<\/p>\n","protected":false},"excerpt":{"rendered":"<p>La aerol\u00ednea inici\u00f3 sus ventas con tarifas desde USD$266 y 3 frecuencias semanales La aerol\u00ednea dominicana Arajet, inici\u00f3 las ventas de su nueva ruta directa entre la ciudad de C\u00f3rdoba, Argentina y el paradisiaco destino de Punta Cana, Rep\u00fablica Dominicana con tarifas que inician desde los USD$266 d\u00f3lares por trayecto, m\u00e1s impuestos y tasas, los [&hellip;]<\/p>\n","protected":false},"author":6,"featured_media":2109,"comment_status":"open","ping_status":"open","sticky":false,"template":"","format":"standard","meta":{"om_disable_all_campaigns":false,"_monsterinsights_skip_tracking":false,"_monsterinsights_sitenote_active":false,"_monsterinsights_sitenote_note":"","_monsterinsights_sitenote_category":0,"footnotes":""},"categories":[1,20],"tags":[104,288,415,414,413],"class_list":{"0":"post-3605","1":"post","2":"type-post","3":"status-publish","4":"format-standard","5":"has-post-thumbnail","7":"category-nacionales","8":"category-turismo","9":"tag-arajet","10":"tag-arajet-com","11":"tag-argentina","12":"tag-cordoba","13":"tag-vamoscordoba"},"aioseo_notices":[],"_links":{"self":[{"href":"https:\/\/periodicolarepublica.com\/index.php\/wp-json\/wp\/v2\/posts\/3605","targetHints":{"allow":["GET"]}}],"collection":[{"href":"https:\/\/periodicolarepublica.com\/index.php\/wp-json\/wp\/v2\/posts"}],"about":[{"href":"https:\/\/periodicolarepublica.com\/index.php\/wp-json\/wp\/v2\/types\/post"}],"author":[{"embeddable":true,"href":"https:\/\/periodicolarepublica.com\/index.php\/wp-json\/wp\/v2\/users\/6"}],"replies":[{"embeddable":true,"href":"https:\/\/periodicolarepublica.com\/index.php\/wp-json\/wp\/v2\/comments?post=3605"}],"version-history":[{"count":1,"href":"https:\/\/periodicolarepublica.com\/index.php\/wp-json\/wp\/v2\/posts\/3605\/revisions"}],"predecessor-version":[{"id":3606,"href":"https:\/\/periodicolarepublica.com\/index.php\/wp-json\/wp\/v2\/posts\/3605\/revisions\/3606"}],"wp:featuredmedia":[{"embeddable":true,"href":"https:\/\/periodicolarepublica.com\/index.php\/wp-json\/wp\/v2\/media\/2109"}],"wp:attachment":[{"href":"https:\/\/periodicolarepublica.com\/index.php\/wp-json\/wp\/v2\/media?parent=3605"}],"wp:term":[{"taxonomy":"category","embeddable":true,"href":"https:\/\/periodicolarepublica.com\/index.php\/wp-json\/wp\/v2\/categories?post=3605"},{"taxonomy":"post_tag","embeddable":true,"href":"https:\/\/periodicolarepublica.com\/index.php\/wp-json\/wp\/v2\/tags?post=3605"}],"curies":[{"name":"wp","href":"https:\/\/api.w.org\/{rel}","templated":true}]}}