{"id":3607,"date":"2025-07-08T19:39:21","date_gmt":"2025-07-08T17:39:21","guid":{"rendered":"https:\/\/periodicolarepublica.com\/?p=3607"},"modified":"2025-07-08T19:39:21","modified_gmt":"2025-07-08T17:39:21","slug":"energia-y-minas-entrega-kits-de-cocinas-limpias-a-cien-familias-de-zambrana-sanchez-ramirez","status":"publish","type":"post","link":"https:\/\/periodicolarepublica.com\/index.php\/2025\/07\/08\/energia-y-minas-entrega-kits-de-cocinas-limpias-a-cien-familias-de-zambrana-sanchez-ramirez\/","title":{"rendered":"Energ\u00eda y Minas entrega kits de cocinas limpias a cien familias de Zambrana, S\u00e1nchez Ram\u00edrez"},"content":{"rendered":"<p>La iniciativa busca erradicar el uso de le\u00f1a y carb\u00f3n en los hogares, promoviendo la utilizaci\u00f3n de gas licuado de petr\u00f3leo (GLP) como una alternativa limpia y segura<\/p>\n<p>*S\u00e1nchez Ram\u00edrez.*- Cien familias del distrito municipal Zambrana, municipio de Cotu\u00ed, provincia S\u00e1nchez Ram\u00edrez, fueron beneficiadas con kits del \u201cProyecto cocinas limpias\u201d, una iniciativa del Ministerio de Energ\u00eda y Minas (MEM) que busca erradicar el uso de le\u00f1a y carb\u00f3n en los hogares, promoviendo la utilizaci\u00f3n de gas licuado de petr\u00f3leo (GLP) como una alternativa limpia y segura.<\/p>\n<p>La entrega, encabezada por la viceministra de Innovaci\u00f3n y Transici\u00f3n Energ\u00e9tica, Betty Soto, en representaci\u00f3n del ministro Joel Santos, consisti\u00f3 en la donaci\u00f3n de 100 kits conformados por estufa, tanque de gas, regulador y manguera.<\/p>\n<p>Soto resalt\u00f3 que la entrega de los kits representa un paso importante para mejorar la calidad de vida de las familias de la comunidad de Zambrana.<\/p>\n<p>Dijo que el esfuerzo no solo moderniza la labor de cocinar, sino que adem\u00e1s cuida la salud de cada uno de los integrantes de las familias beneficiadas y protege el medio ambiente.<\/p>\n<p>Soto explic\u00f3 que, aunque el uso de fogones de le\u00f1a es com\u00fan en algunas comunidades, conlleva riesgos para la salud, debido a que el humo puede provocar enfermedades respiratorias.<\/p>\n<p>\u201cAl sustituir estos fogones de le\u00f1a por estufas de gas, estamos dando un paso decisivo hacia hogares m\u00e1s seguros y saludables. Adem\u00e1s de los beneficios para la salud, hay un impacto positivo para el planeta\u201d.<\/p>\n<p>La gobernadora de la provincia, Cristiana Rodr\u00edguez, se\u00f1al\u00f3 que la entrega es oportuna y responde al inter\u00e9s del presidente Luis Abinader, y del ministro de Energ\u00eda y Minas, Joel Santos, de llegar a cada rinc\u00f3n del pa\u00eds donde haya un ciudadano que necesite la mano amiga del Estado.<\/p>\n<p>El proyecto se ejecuta a trav\u00e9s del Viceministerio de Innovaci\u00f3n y Transici\u00f3n Energ\u00e9tica en conjunto con la Direcci\u00f3n de Gesti\u00f3n Social y Comunitaria, y forma parte del compromiso asumido por la Rep\u00fablica Dominicana ante las Naciones Unidas en 2021, dentro del contexto de los Objetivos de Desarrollo Sostenible (ODS), espec\u00edficamente la meta 7.1, que promueve el acceso universal a fuentes de energ\u00eda limpia y asequible.<\/p>\n<p>Vladimir Osorio, director de Gesti\u00f3n Social del MEM, inform\u00f3 que con la entrega suman tres las comunidades beneficiadas, cuyas familias ya abrazan un modelo de cocina m\u00e1s sano.<\/p>\n<p>\u201cEsta es la tercera entrega de cocinas limpias. Es el tercer municipio-provincia que impactamos: la primera fue en Los Guineos, Yamas\u00e1; la segunda, en la comunidad de Tuningo, Hato Mayor; y ahora, en Zambrana\u201d, detall\u00f3 el funcionario.<\/p>\n<p>&nbsp;<\/p>\n<p>Los comunitarios, quienes adem\u00e1s recibieron raciones alimenticias crudas, agradecieron la entrega de los kits al presidente Abinader y al ministro Santos.<\/p>\n<p>\u201cMe siento muy agradecida con Dios, con el presidente y con el ministerio por traernos el programa de cocina limpia, para poder cocinar de manera segura y m\u00e1s saludable para nuestras familias\u201d, expres\u00f3 la comunitaria Jessenia Bel\u00e9n.<\/p>\n<p>*Direcci\u00f3n de Comunicaciones*<\/p>\n<p>&nbsp;<\/p>\n<p>8 de julio de 2025<\/p>\n<p><img loading=\"lazy\" decoding=\"async\" class=\"alignnone size-medium wp-image-2911\" src=\"https:\/\/periodicolarepublica.com\/wp-content\/uploads\/2025\/03\/fachada-MEM-1-e1751293560273-300x167.webp\" alt=\"\" width=\"300\" height=\"167\" srcset=\"https:\/\/periodicolarepublica.com\/wp-content\/uploads\/2025\/03\/fachada-MEM-1-e1751293560273-300x167.webp 300w, https:\/\/periodicolarepublica.com\/wp-content\/uploads\/2025\/03\/fachada-MEM-1-e1751293560273-1024x569.webp 1024w, https:\/\/periodicolarepublica.com\/wp-content\/uploads\/2025\/03\/fachada-MEM-1-e1751293560273-768x427.webp 768w, https:\/\/periodicolarepublica.com\/wp-content\/uploads\/2025\/03\/fachada-MEM-1-e1751293560273-150x83.webp 150w, https:\/\/periodicolarepublica.com\/wp-content\/uploads\/2025\/03\/fachada-MEM-1-e1751293560273-600x334.webp 600w, https:\/\/periodicolarepublica.com\/wp-content\/uploads\/2025\/03\/fachada-MEM-1-e1751293560273-696x387.webp 696w, https:\/\/periodicolarepublica.com\/wp-content\/uploads\/2025\/03\/fachada-MEM-1-e1751293560273-1068x594.webp 1068w, https:\/\/periodicolarepublica.com\/wp-content\/uploads\/2025\/03\/fachada-MEM-1-e1751293560273.webp 1295w\" sizes=\"auto, (max-width: 300px) 100vw, 300px\" \/><\/p>\n","protected":false},"excerpt":{"rendered":"<p>La iniciativa busca erradicar el uso de le\u00f1a y carb\u00f3n en los hogares, promoviendo la utilizaci\u00f3n de gas licuado de petr\u00f3leo (GLP) como una alternativa limpia y segura *S\u00e1nchez Ram\u00edrez.*- Cien familias del distrito municipal Zambrana, municipio de Cotu\u00ed, provincia S\u00e1nchez Ram\u00edrez, fueron beneficiadas con kits del \u201cProyecto cocinas limpias\u201d, una iniciativa del Ministerio de [&hellip;]<\/p>\n","protected":false},"author":6,"featured_media":2911,"comment_status":"open","ping_status":"open","sticky":false,"template":"","format":"standard","meta":{"om_disable_all_campaigns":false,"_monsterinsights_skip_tracking":false,"_monsterinsights_sitenote_active":false,"_monsterinsights_sitenote_note":"","_monsterinsights_sitenote_category":0,"footnotes":""},"categories":[1],"tags":[416,294],"class_list":{"0":"post-3607","1":"post","2":"type-post","3":"status-publish","4":"format-standard","5":"has-post-thumbnail","7":"category-nacionales","8":"tag-energia-y-minas","9":"tag-joel-santos"},"aioseo_notices":[],"_links":{"self":[{"href":"https:\/\/periodicolarepublica.com\/index.php\/wp-json\/wp\/v2\/posts\/3607","targetHints":{"allow":["GET"]}}],"collection":[{"href":"https:\/\/periodicolarepublica.com\/index.php\/wp-json\/wp\/v2\/posts"}],"about":[{"href":"https:\/\/periodicolarepublica.com\/index.php\/wp-json\/wp\/v2\/types\/post"}],"author":[{"embeddable":true,"href":"https:\/\/periodicolarepublica.com\/index.php\/wp-json\/wp\/v2\/users\/6"}],"replies":[{"embeddable":true,"href":"https:\/\/periodicolarepublica.com\/index.php\/wp-json\/wp\/v2\/comments?post=3607"}],"version-history":[{"count":1,"href":"https:\/\/periodicolarepublica.com\/index.php\/wp-json\/wp\/v2\/posts\/3607\/revisions"}],"predecessor-version":[{"id":3608,"href":"https:\/\/periodicolarepublica.com\/index.php\/wp-json\/wp\/v2\/posts\/3607\/revisions\/3608"}],"wp:featuredmedia":[{"embeddable":true,"href":"https:\/\/periodicolarepublica.com\/index.php\/wp-json\/wp\/v2\/media\/2911"}],"wp:attachment":[{"href":"https:\/\/periodicolarepublica.com\/index.php\/wp-json\/wp\/v2\/media?parent=3607"}],"wp:term":[{"taxonomy":"category","embeddable":true,"href":"https:\/\/periodicolarepublica.com\/index.php\/wp-json\/wp\/v2\/categories?post=3607"},{"taxonomy":"post_tag","embeddable":true,"href":"https:\/\/periodicolarepublica.com\/index.php\/wp-json\/wp\/v2\/tags?post=3607"}],"curies":[{"name":"wp","href":"https:\/\/api.w.org\/{rel}","templated":true}]}}