{"id":3610,"date":"2025-07-08T20:12:05","date_gmt":"2025-07-08T18:12:05","guid":{"rendered":"https:\/\/periodicolarepublica.com\/?p=3610"},"modified":"2025-07-08T20:12:05","modified_gmt":"2025-07-08T18:12:05","slug":"rd-supera-los-6-millones-de-visitantes-en-primer-semestre","status":"publish","type":"post","link":"https:\/\/periodicolarepublica.com\/index.php\/2025\/07\/08\/rd-supera-los-6-millones-de-visitantes-en-primer-semestre\/","title":{"rendered":"RD supera los 6 millones de visitantes en primer semestre."},"content":{"rendered":"<p>La cifra en 2025 de 6,145,008 visitantes es el r\u00e9cord hist\u00f3rico para el pa\u00eds en el per\u00edodo enero-junio.<\/p>\n<p>Santo Domingo. &#8211; Rep\u00fablica Dominicana alcanz\u00f3 el mayor n\u00famero de visitantes en su historia en los primeros seis meses del a\u00f1o, al recibir 6,145,008 visitantes, lo que representa 1,996,201 m\u00e1s que en el mismo per\u00edodo del 2019 y 185,166 por encima del pasado a\u00f1o.<\/p>\n<p>As\u00ed lo revelaron el presidente Luis Abinader y el ministro David Collado al dar a conocer las estad\u00edsticas del comportamiento del sector durante un acto que se llev\u00f3 a cabo en un hotel de la capital dominicana, ante la presencia de los principales actores de la industria y medios de comunicaci\u00f3n.<\/p>\n<p>El presidente Luis Abinader destac\u00f3 el extraordinario crecimiento que registra el turismo en el pa\u00eds y su impacto en la econom\u00eda.<\/p>\n<p><img loading=\"lazy\" decoding=\"async\" class=\"alignnone size-medium wp-image-3611\" src=\"https:\/\/periodicolarepublica.com\/wp-content\/uploads\/2025\/07\/IMG-20250708-WA0075-scaled-e1751998297858-300x261.jpg\" alt=\"\" width=\"300\" height=\"261\" srcset=\"https:\/\/periodicolarepublica.com\/wp-content\/uploads\/2025\/07\/IMG-20250708-WA0075-scaled-e1751998297858-300x261.jpg 300w, https:\/\/periodicolarepublica.com\/wp-content\/uploads\/2025\/07\/IMG-20250708-WA0075-scaled-e1751998297858-1024x890.jpg 1024w, https:\/\/periodicolarepublica.com\/wp-content\/uploads\/2025\/07\/IMG-20250708-WA0075-scaled-e1751998297858-768x668.jpg 768w, https:\/\/periodicolarepublica.com\/wp-content\/uploads\/2025\/07\/IMG-20250708-WA0075-scaled-e1751998297858-150x130.jpg 150w, https:\/\/periodicolarepublica.com\/wp-content\/uploads\/2025\/07\/IMG-20250708-WA0075-scaled-e1751998297858-600x522.jpg 600w, https:\/\/periodicolarepublica.com\/wp-content\/uploads\/2025\/07\/IMG-20250708-WA0075-scaled-e1751998297858-696x605.jpg 696w, https:\/\/periodicolarepublica.com\/wp-content\/uploads\/2025\/07\/IMG-20250708-WA0075-scaled-e1751998297858-1068x924.jpg 1068w, https:\/\/periodicolarepublica.com\/wp-content\/uploads\/2025\/07\/IMG-20250708-WA0075-scaled-e1751998297858-534x462.jpg 534w, https:\/\/periodicolarepublica.com\/wp-content\/uploads\/2025\/07\/IMG-20250708-WA0075-scaled-e1751998297858.jpg 1357w\" sizes=\"auto, (max-width: 300px) 100vw, 300px\" \/><\/p>\n<p>&nbsp;<\/p>\n","protected":false},"excerpt":{"rendered":"<p>La cifra en 2025 de 6,145,008 visitantes es el r\u00e9cord hist\u00f3rico para el pa\u00eds en el per\u00edodo enero-junio. Santo Domingo. &#8211; Rep\u00fablica Dominicana alcanz\u00f3 el mayor n\u00famero de visitantes en su historia en los primeros seis meses del a\u00f1o, al recibir 6,145,008 visitantes, lo que representa 1,996,201 m\u00e1s que en el mismo per\u00edodo del 2019 [&hellip;]<\/p>\n","protected":false},"author":6,"featured_media":3611,"comment_status":"open","ping_status":"open","sticky":false,"template":"","format":"standard","meta":{"om_disable_all_campaigns":false,"_monsterinsights_skip_tracking":false,"_monsterinsights_sitenote_active":false,"_monsterinsights_sitenote_note":"","_monsterinsights_sitenote_category":0,"footnotes":""},"categories":[1,20],"tags":[417,22],"class_list":{"0":"post-3610","1":"post","2":"type-post","3":"status-publish","4":"format-standard","5":"has-post-thumbnail","7":"category-nacionales","8":"category-turismo","9":"tag-mitur","10":"tag-turismo"},"aioseo_notices":[],"_links":{"self":[{"href":"https:\/\/periodicolarepublica.com\/index.php\/wp-json\/wp\/v2\/posts\/3610","targetHints":{"allow":["GET"]}}],"collection":[{"href":"https:\/\/periodicolarepublica.com\/index.php\/wp-json\/wp\/v2\/posts"}],"about":[{"href":"https:\/\/periodicolarepublica.com\/index.php\/wp-json\/wp\/v2\/types\/post"}],"author":[{"embeddable":true,"href":"https:\/\/periodicolarepublica.com\/index.php\/wp-json\/wp\/v2\/users\/6"}],"replies":[{"embeddable":true,"href":"https:\/\/periodicolarepublica.com\/index.php\/wp-json\/wp\/v2\/comments?post=3610"}],"version-history":[{"count":1,"href":"https:\/\/periodicolarepublica.com\/index.php\/wp-json\/wp\/v2\/posts\/3610\/revisions"}],"predecessor-version":[{"id":3612,"href":"https:\/\/periodicolarepublica.com\/index.php\/wp-json\/wp\/v2\/posts\/3610\/revisions\/3612"}],"wp:featuredmedia":[{"embeddable":true,"href":"https:\/\/periodicolarepublica.com\/index.php\/wp-json\/wp\/v2\/media\/3611"}],"wp:attachment":[{"href":"https:\/\/periodicolarepublica.com\/index.php\/wp-json\/wp\/v2\/media?parent=3610"}],"wp:term":[{"taxonomy":"category","embeddable":true,"href":"https:\/\/periodicolarepublica.com\/index.php\/wp-json\/wp\/v2\/categories?post=3610"},{"taxonomy":"post_tag","embeddable":true,"href":"https:\/\/periodicolarepublica.com\/index.php\/wp-json\/wp\/v2\/tags?post=3610"}],"curies":[{"name":"wp","href":"https:\/\/api.w.org\/{rel}","templated":true}]}}