{"id":3613,"date":"2025-07-08T22:06:42","date_gmt":"2025-07-08T20:06:42","guid":{"rendered":"https:\/\/periodicolarepublica.com\/?p=3613"},"modified":"2025-07-08T22:06:42","modified_gmt":"2025-07-08T20:06:42","slug":"foro-business-destaca-gestion-gubernamental-con-participacion-de-32-altos-funcionarios","status":"publish","type":"post","link":"https:\/\/periodicolarepublica.com\/index.php\/2025\/07\/08\/foro-business-destaca-gestion-gubernamental-con-participacion-de-32-altos-funcionarios\/","title":{"rendered":"Foro BUSINESS destaca gesti\u00f3n gubernamental con participaci\u00f3n de 32 altos funcionarios"},"content":{"rendered":"<p>&nbsp;<\/p>\n<p>En Santo Domingo, se llev\u00f3 a cabo la tercera edici\u00f3n del Foro BUSINESS: Gesti\u00f3n Gubernamental, Objetivos, Desaf\u00edos y Metas, una iniciativa que ha reunido a 32 ministros y directores generales de las principales instituciones del Estado dominicano a lo largo de tres encuentros y seis paneles.<\/p>\n<p>El foro, organizado por GALA Media Group, se ha convertido en una plataforma clave para visibilizar la labor del gobierno, compartir avances institucionales y debatir desaf\u00edos comunes en la administraci\u00f3n p\u00fablica. La participaci\u00f3n activa de funcionarios de alto nivel ha permitido fortalecer el di\u00e1logo entre Estado, sector privado y sociedad civil.<\/p>\n<p>Desde su primera entrega, el Foro BUSINESS ha demostrado ser un valioso aporte al pa\u00eds, al facilitar el acceso a informaci\u00f3n sobre pol\u00edticas p\u00fablicas y promover la transparencia a trav\u00e9s de medios de comunicaci\u00f3n modernos y masivos.<\/p>\n<p>La edici\u00f3n 2025 concluir\u00e1 el pr\u00f3ximo martes 22 de julio, consolid\u00e1ndose como uno de los espacios m\u00e1s relevantes para la reflexi\u00f3n sobre la gesti\u00f3n p\u00fablica en la Rep\u00fablica Dominicana.<\/p>\n<p><img loading=\"lazy\" decoding=\"async\" class=\"alignnone size-medium wp-image-3614\" src=\"https:\/\/periodicolarepublica.com\/wp-content\/uploads\/2025\/07\/IMG-20250708-WA0049-300x184.jpg\" alt=\"\" width=\"300\" height=\"184\" srcset=\"https:\/\/periodicolarepublica.com\/wp-content\/uploads\/2025\/07\/IMG-20250708-WA0049-300x184.jpg 300w, https:\/\/periodicolarepublica.com\/wp-content\/uploads\/2025\/07\/IMG-20250708-WA0049-1024x627.jpg 1024w, https:\/\/periodicolarepublica.com\/wp-content\/uploads\/2025\/07\/IMG-20250708-WA0049-768x470.jpg 768w, https:\/\/periodicolarepublica.com\/wp-content\/uploads\/2025\/07\/IMG-20250708-WA0049-150x92.jpg 150w, https:\/\/periodicolarepublica.com\/wp-content\/uploads\/2025\/07\/IMG-20250708-WA0049-600x368.jpg 600w, https:\/\/periodicolarepublica.com\/wp-content\/uploads\/2025\/07\/IMG-20250708-WA0049-696x426.jpg 696w, https:\/\/periodicolarepublica.com\/wp-content\/uploads\/2025\/07\/IMG-20250708-WA0049-1068x654.jpg 1068w, https:\/\/periodicolarepublica.com\/wp-content\/uploads\/2025\/07\/IMG-20250708-WA0049.jpg 1280w\" sizes=\"auto, (max-width: 300px) 100vw, 300px\" \/><\/p>\n","protected":false},"excerpt":{"rendered":"<p>&nbsp; En Santo Domingo, se llev\u00f3 a cabo la tercera edici\u00f3n del Foro BUSINESS: Gesti\u00f3n Gubernamental, Objetivos, Desaf\u00edos y Metas, una iniciativa que ha reunido a 32 ministros y directores generales de las principales instituciones del Estado dominicano a lo largo de tres encuentros y seis paneles. El foro, organizado por GALA Media Group, se [&hellip;]<\/p>\n","protected":false},"author":1,"featured_media":3614,"comment_status":"open","ping_status":"open","sticky":false,"template":"","format":"standard","meta":{"om_disable_all_campaigns":false,"_monsterinsights_skip_tracking":false,"_monsterinsights_sitenote_active":false,"_monsterinsights_sitenote_note":"","_monsterinsights_sitenote_category":0,"footnotes":""},"categories":[1],"tags":[418,369],"class_list":{"0":"post-3613","1":"post","2":"type-post","3":"status-publish","4":"format-standard","5":"has-post-thumbnail","7":"category-nacionales","8":"tag-foro-business","9":"tag-ruddy-de-los-santos"},"aioseo_notices":[],"_links":{"self":[{"href":"https:\/\/periodicolarepublica.com\/index.php\/wp-json\/wp\/v2\/posts\/3613","targetHints":{"allow":["GET"]}}],"collection":[{"href":"https:\/\/periodicolarepublica.com\/index.php\/wp-json\/wp\/v2\/posts"}],"about":[{"href":"https:\/\/periodicolarepublica.com\/index.php\/wp-json\/wp\/v2\/types\/post"}],"author":[{"embeddable":true,"href":"https:\/\/periodicolarepublica.com\/index.php\/wp-json\/wp\/v2\/users\/1"}],"replies":[{"embeddable":true,"href":"https:\/\/periodicolarepublica.com\/index.php\/wp-json\/wp\/v2\/comments?post=3613"}],"version-history":[{"count":1,"href":"https:\/\/periodicolarepublica.com\/index.php\/wp-json\/wp\/v2\/posts\/3613\/revisions"}],"predecessor-version":[{"id":3615,"href":"https:\/\/periodicolarepublica.com\/index.php\/wp-json\/wp\/v2\/posts\/3613\/revisions\/3615"}],"wp:featuredmedia":[{"embeddable":true,"href":"https:\/\/periodicolarepublica.com\/index.php\/wp-json\/wp\/v2\/media\/3614"}],"wp:attachment":[{"href":"https:\/\/periodicolarepublica.com\/index.php\/wp-json\/wp\/v2\/media?parent=3613"}],"wp:term":[{"taxonomy":"category","embeddable":true,"href":"https:\/\/periodicolarepublica.com\/index.php\/wp-json\/wp\/v2\/categories?post=3613"},{"taxonomy":"post_tag","embeddable":true,"href":"https:\/\/periodicolarepublica.com\/index.php\/wp-json\/wp\/v2\/tags?post=3613"}],"curies":[{"name":"wp","href":"https:\/\/api.w.org\/{rel}","templated":true}]}}