{"id":3618,"date":"2025-07-08T22:11:50","date_gmt":"2025-07-08T20:11:50","guid":{"rendered":"https:\/\/periodicolarepublica.com\/?p=3618"},"modified":"2025-07-08T22:11:50","modified_gmt":"2025-07-08T20:11:50","slug":"jean-cristofer-perez-propone-inclusion-de-nuevo-delito-en-codigo-penal-contra-agresores-de-vehiculos","status":"publish","type":"post","link":"https:\/\/periodicolarepublica.com\/index.php\/2025\/07\/08\/jean-cristofer-perez-propone-inclusion-de-nuevo-delito-en-codigo-penal-contra-agresores-de-vehiculos\/","title":{"rendered":"Jean Cristofer P\u00e9rez propone inclusi\u00f3n de nuevo delito en C\u00f3digo Penal contra agresores de veh\u00edculos"},"content":{"rendered":"<p>La iniciativa fue entregada al Senado y busca sancionar penalmente a limpiavidrios, motoristas y parqueadores improvisados que destruyen cristales o intimidan conductores.<\/p>\n<p>Santo Domingo, 8 de julio de 2025 \u2014 El abogado penalista, Jean Cristofer P\u00e9rez Lebr\u00f3n, someti\u00f3 este martes ante la Comisi\u00f3n Especial del Senado una propuesta formal de modificaci\u00f3n al Proyecto de Nuevo C\u00f3digo Penal, con el fin de introducir un nuevo tipo penal que responda a uno de los fen\u00f3menos m\u00e1s preocupantes de la vida urbana: los da\u00f1os intencionales a veh\u00edculos de motor en la v\u00eda p\u00fablica.<\/p>\n<p>La propuesta plantea la inclusi\u00f3n del art\u00edculo 284 bajo el t\u00edtulo \u201cDa\u00f1os agravados a veh\u00edculos de motor en la v\u00eda p\u00fablica\u201d, destinado a sancionar penalmente los actos de ruptura, fractura o destrucci\u00f3n de cristales, espejos u otras partes de veh\u00edculos cometidos por personas que operan informalmente en las calles, tales como limpiavidrios, parqueado<\/p>\n<p><img loading=\"lazy\" decoding=\"async\" class=\"alignnone size-medium wp-image-3049\" src=\"https:\/\/periodicolarepublica.com\/wp-content\/uploads\/2025\/04\/IMG_20250415_212634-300x243.jpg\" alt=\"\" width=\"300\" height=\"243\" srcset=\"https:\/\/periodicolarepublica.com\/wp-content\/uploads\/2025\/04\/IMG_20250415_212634-300x243.jpg 300w, https:\/\/periodicolarepublica.com\/wp-content\/uploads\/2025\/04\/IMG_20250415_212634-768x621.jpg 768w, https:\/\/periodicolarepublica.com\/wp-content\/uploads\/2025\/04\/IMG_20250415_212634-150x121.jpg 150w, https:\/\/periodicolarepublica.com\/wp-content\/uploads\/2025\/04\/IMG_20250415_212634-600x485.jpg 600w, https:\/\/periodicolarepublica.com\/wp-content\/uploads\/2025\/04\/IMG_20250415_212634-696x563.jpg 696w, https:\/\/periodicolarepublica.com\/wp-content\/uploads\/2025\/04\/IMG_20250415_212634.jpg 993w\" sizes=\"auto, (max-width: 300px) 100vw, 300px\" \/><\/p>\n","protected":false},"excerpt":{"rendered":"<p>La iniciativa fue entregada al Senado y busca sancionar penalmente a limpiavidrios, motoristas y parqueadores improvisados que destruyen cristales o intimidan conductores. Santo Domingo, 8 de julio de 2025 \u2014 El abogado penalista, Jean Cristofer P\u00e9rez Lebr\u00f3n, someti\u00f3 este martes ante la Comisi\u00f3n Especial del Senado una propuesta formal de modificaci\u00f3n al Proyecto de Nuevo [&hellip;]<\/p>\n","protected":false},"author":6,"featured_media":3049,"comment_status":"open","ping_status":"open","sticky":false,"template":"","format":"standard","meta":{"om_disable_all_campaigns":false,"_monsterinsights_skip_tracking":false,"_monsterinsights_sitenote_active":false,"_monsterinsights_sitenote_note":"","_monsterinsights_sitenote_category":0,"footnotes":""},"categories":[1],"tags":[419,420],"class_list":{"0":"post-3618","1":"post","2":"type-post","3":"status-publish","4":"format-standard","5":"has-post-thumbnail","7":"category-nacionales","8":"tag-jean-cristofer-perez","9":"tag-limpiavidrios"},"aioseo_notices":[],"_links":{"self":[{"href":"https:\/\/periodicolarepublica.com\/index.php\/wp-json\/wp\/v2\/posts\/3618","targetHints":{"allow":["GET"]}}],"collection":[{"href":"https:\/\/periodicolarepublica.com\/index.php\/wp-json\/wp\/v2\/posts"}],"about":[{"href":"https:\/\/periodicolarepublica.com\/index.php\/wp-json\/wp\/v2\/types\/post"}],"author":[{"embeddable":true,"href":"https:\/\/periodicolarepublica.com\/index.php\/wp-json\/wp\/v2\/users\/6"}],"replies":[{"embeddable":true,"href":"https:\/\/periodicolarepublica.com\/index.php\/wp-json\/wp\/v2\/comments?post=3618"}],"version-history":[{"count":1,"href":"https:\/\/periodicolarepublica.com\/index.php\/wp-json\/wp\/v2\/posts\/3618\/revisions"}],"predecessor-version":[{"id":3619,"href":"https:\/\/periodicolarepublica.com\/index.php\/wp-json\/wp\/v2\/posts\/3618\/revisions\/3619"}],"wp:featuredmedia":[{"embeddable":true,"href":"https:\/\/periodicolarepublica.com\/index.php\/wp-json\/wp\/v2\/media\/3049"}],"wp:attachment":[{"href":"https:\/\/periodicolarepublica.com\/index.php\/wp-json\/wp\/v2\/media?parent=3618"}],"wp:term":[{"taxonomy":"category","embeddable":true,"href":"https:\/\/periodicolarepublica.com\/index.php\/wp-json\/wp\/v2\/categories?post=3618"},{"taxonomy":"post_tag","embeddable":true,"href":"https:\/\/periodicolarepublica.com\/index.php\/wp-json\/wp\/v2\/tags?post=3618"}],"curies":[{"name":"wp","href":"https:\/\/api.w.org\/{rel}","templated":true}]}}