{"id":3626,"date":"2025-07-09T20:30:47","date_gmt":"2025-07-09T18:30:47","guid":{"rendered":"https:\/\/periodicolarepublica.com\/?p=3626"},"modified":"2025-07-09T20:30:47","modified_gmt":"2025-07-09T18:30:47","slug":"comunidades-de-santo-domingo-este-denuncian-prolongados-apagones-y-alto-costo-de-la-energia-electrica","status":"publish","type":"post","link":"https:\/\/periodicolarepublica.com\/index.php\/2025\/07\/09\/comunidades-de-santo-domingo-este-denuncian-prolongados-apagones-y-alto-costo-de-la-energia-electrica\/","title":{"rendered":"Comunidades de Santo Domingo Este denuncian prolongados apagones y alto costo de la energ\u00eda el\u00e9ctrica"},"content":{"rendered":"<p>Santo Domingo Este, R.D. \u2013 9 de julio de 2025. Los residentes de numerosos sectores de Santo Domingo Este, incluyendo la franja de Las Am\u00e9ricas, Los Frailes y zonas aleda\u00f1as, denuncian estar siendo v\u00edctimas de un asedio constante por parte de la Empresa Distribuidora de Electricidad del Este (EDEESTE), debido a apagones que superan las 18 horas diarias, afectando gravemente la calidad de vida y el desarrollo econ\u00f3mico de estas comunidades.<\/p>\n<p>&nbsp;<\/p>\n<p>A trav\u00e9s de esta nota de prensa, los comunitarios hacen un en\u00e9rgico llamado al presidente Luis Abinader para que intervenga de forma urgente ante esta situaci\u00f3n insostenible.<\/p>\n<p>&nbsp;<\/p>\n<p>&nbsp;<\/p>\n<p>\u201cYa no se aguanta m\u00e1s. Tenemos luz cara y apagones interminables. Estamos retrocediendo a los tiempos de las velas\u201d, manifestaron con frustraci\u00f3n representantes de las comunidades afectadas.<\/p>\n<p>&nbsp;<\/p>\n<p>&nbsp;<\/p>\n<p>&nbsp;<\/p>\n<p>Los moradores aseguran que pese a cumplir con sus pagos, el servicio el\u00e9ctrico sigue deterior\u00e1ndose, sin que haya una respuesta clara ni soluciones visibles por parte de EDEESTE.<\/p>\n<p>&nbsp;<\/p>\n<p>Los afectados solicitan la atenci\u00f3n inmediata del Gobierno y la intervenci\u00f3n directa del presidente Abinader para garantizar un servicio el\u00e9ctrico digno, continuo y a un costo justo para los dominicanos del este de la capital.<img loading=\"lazy\" decoding=\"async\" class=\"size-medium wp-image-3627 alignright\" src=\"https:\/\/periodicolarepublica.com\/wp-content\/uploads\/2025\/07\/IMG_20250709_142341-300x174.jpg\" alt=\"\" width=\"300\" height=\"174\" srcset=\"https:\/\/periodicolarepublica.com\/wp-content\/uploads\/2025\/07\/IMG_20250709_142341-300x174.jpg?v=1752085805 300w, https:\/\/periodicolarepublica.com\/wp-content\/uploads\/2025\/07\/IMG_20250709_142341-150x87.jpg?v=1752085805 150w, https:\/\/periodicolarepublica.com\/wp-content\/uploads\/2025\/07\/IMG_20250709_142341.jpg?v=1752085805 413w\" sizes=\"auto, (max-width: 300px) 100vw, 300px\" \/><\/p>\n","protected":false},"excerpt":{"rendered":"<p>Santo Domingo Este, R.D. \u2013 9 de julio de 2025. Los residentes de numerosos sectores de Santo Domingo Este, incluyendo la franja de Las Am\u00e9ricas, Los Frailes y zonas aleda\u00f1as, denuncian estar siendo v\u00edctimas de un asedio constante por parte de la Empresa Distribuidora de Electricidad del Este (EDEESTE), debido a apagones que superan las [&hellip;]<\/p>\n","protected":false},"author":10,"featured_media":3627,"comment_status":"open","ping_status":"open","sticky":false,"template":"","format":"standard","meta":{"om_disable_all_campaigns":false,"_monsterinsights_skip_tracking":false,"_monsterinsights_sitenote_active":false,"_monsterinsights_sitenote_note":"","_monsterinsights_sitenote_category":0,"footnotes":""},"categories":[1],"tags":[421],"class_list":{"0":"post-3626","1":"post","2":"type-post","3":"status-publish","4":"format-standard","5":"has-post-thumbnail","7":"category-nacionales","8":"tag-edeeste"},"aioseo_notices":[],"_links":{"self":[{"href":"https:\/\/periodicolarepublica.com\/index.php\/wp-json\/wp\/v2\/posts\/3626","targetHints":{"allow":["GET"]}}],"collection":[{"href":"https:\/\/periodicolarepublica.com\/index.php\/wp-json\/wp\/v2\/posts"}],"about":[{"href":"https:\/\/periodicolarepublica.com\/index.php\/wp-json\/wp\/v2\/types\/post"}],"author":[{"embeddable":true,"href":"https:\/\/periodicolarepublica.com\/index.php\/wp-json\/wp\/v2\/users\/10"}],"replies":[{"embeddable":true,"href":"https:\/\/periodicolarepublica.com\/index.php\/wp-json\/wp\/v2\/comments?post=3626"}],"version-history":[{"count":1,"href":"https:\/\/periodicolarepublica.com\/index.php\/wp-json\/wp\/v2\/posts\/3626\/revisions"}],"predecessor-version":[{"id":3628,"href":"https:\/\/periodicolarepublica.com\/index.php\/wp-json\/wp\/v2\/posts\/3626\/revisions\/3628"}],"wp:featuredmedia":[{"embeddable":true,"href":"https:\/\/periodicolarepublica.com\/index.php\/wp-json\/wp\/v2\/media\/3627"}],"wp:attachment":[{"href":"https:\/\/periodicolarepublica.com\/index.php\/wp-json\/wp\/v2\/media?parent=3626"}],"wp:term":[{"taxonomy":"category","embeddable":true,"href":"https:\/\/periodicolarepublica.com\/index.php\/wp-json\/wp\/v2\/categories?post=3626"},{"taxonomy":"post_tag","embeddable":true,"href":"https:\/\/periodicolarepublica.com\/index.php\/wp-json\/wp\/v2\/tags?post=3626"}],"curies":[{"name":"wp","href":"https:\/\/api.w.org\/{rel}","templated":true}]}}