{"id":3629,"date":"2025-07-09T22:33:28","date_gmt":"2025-07-09T20:33:28","guid":{"rendered":"https:\/\/periodicolarepublica.com\/?p=3629"},"modified":"2025-07-09T22:33:28","modified_gmt":"2025-07-09T20:33:28","slug":"tomas-hernandez-alberto-valora-como-positivo-y-firme-el-mensaje-del-presidente-luis-abinader-a-los-precandidatos","status":"publish","type":"post","link":"https:\/\/periodicolarepublica.com\/index.php\/2025\/07\/09\/tomas-hernandez-alberto-valora-como-positivo-y-firme-el-mensaje-del-presidente-luis-abinader-a-los-precandidatos\/","title":{"rendered":"Tom\u00e1s Hern\u00e1ndez Alberto valora como positivo y firme el mensaje del presidente Luis Abinader a los precandidatos"},"content":{"rendered":"<p>Santo Domingo, R.D. \u2013 El ingeniero Tom\u00e1s Hern\u00e1ndez Alberto valor\u00f3 como \u201cmuy positivo y necesario\u201d el mensaje emitido por el presidente Luis Abinader a los precandidatos de su partido y a sus respectivos equipos de campa\u00f1a, en el que reafirma su compromiso con la institucionalidad y la transparencia en el ejercicio del Gobierno.<\/p>\n<p>&nbsp;<\/p>\n<p>Hern\u00e1ndez Alberto destac\u00f3 que el presidente Abinader ha vuelto a demostrar su talante democr\u00e1tico al expresar que, si bien es un Presidente tolerante, tambi\u00e9n es firme cuando se trata de proteger la \u00e9tica p\u00fablica y el respeto a las normas.<\/p>\n<p>&nbsp;<\/p>\n<p>\u201cEl llamado claro del presidente a que no se utilicen cargos p\u00fablicos para hacer proselitismo, y que quien desee hacer campa\u00f1a debe dejar su funci\u00f3n, fortalece la confianza del pueblo en una gesti\u00f3n que gobierna para la gente, no para intereses particulares\u201d, se\u00f1al\u00f3 el dirigente.<\/p>\n<p>&nbsp;<\/p>\n<p>Afirm\u00f3 adem\u00e1s que este tipo de decisiones marcan una diferencia en la cultura pol\u00edtica del pa\u00eds y consolidan el rumbo hacia un Estado m\u00e1s institucional y justo.<\/p>\n<p>&nbsp;<\/p>\n<p>\u201cLa Rep\u00fablica Dominicana necesita m\u00e1s se\u00f1ales de responsabilidad como esta. El presidente ha dado un paso correcto al establecer un l\u00edmite firme que todos deben respetar\u201d, concluy\u00f3.<img loading=\"lazy\" decoding=\"async\" class=\"size-medium wp-image-1804 alignright\" src=\"https:\/\/periodicolarepublica.com\/wp-content\/uploads\/2024\/10\/IMG-20240525-WA0100-300x200.jpg\" alt=\"\" width=\"300\" height=\"200\" srcset=\"https:\/\/periodicolarepublica.com\/wp-content\/uploads\/2024\/10\/IMG-20240525-WA0100-300x200.jpg?v=1727804560 300w, https:\/\/periodicolarepublica.com\/wp-content\/uploads\/2024\/10\/IMG-20240525-WA0100-1024x682.jpg?v=1727804560 1024w, https:\/\/periodicolarepublica.com\/wp-content\/uploads\/2024\/10\/IMG-20240525-WA0100-768x511.jpg?v=1727804560 768w, https:\/\/periodicolarepublica.com\/wp-content\/uploads\/2024\/10\/IMG-20240525-WA0100-150x100.jpg?v=1727804560 150w, https:\/\/periodicolarepublica.com\/wp-content\/uploads\/2024\/10\/IMG-20240525-WA0100-600x399.jpg?v=1727804560 600w, https:\/\/periodicolarepublica.com\/wp-content\/uploads\/2024\/10\/IMG-20240525-WA0100-696x463.jpg?v=1727804560 696w, https:\/\/periodicolarepublica.com\/wp-content\/uploads\/2024\/10\/IMG-20240525-WA0100-1068x711.jpg?v=1727804560 1068w, https:\/\/periodicolarepublica.com\/wp-content\/uploads\/2024\/10\/IMG-20240525-WA0100.jpg?v=1727804560 1080w\" sizes=\"auto, (max-width: 300px) 100vw, 300px\" \/><\/p>\n","protected":false},"excerpt":{"rendered":"<p>Santo Domingo, R.D. \u2013 El ingeniero Tom\u00e1s Hern\u00e1ndez Alberto valor\u00f3 como \u201cmuy positivo y necesario\u201d el mensaje emitido por el presidente Luis Abinader a los precandidatos de su partido y a sus respectivos equipos de campa\u00f1a, en el que reafirma su compromiso con la institucionalidad y la transparencia en el ejercicio del Gobierno. &nbsp; Hern\u00e1ndez [&hellip;]<\/p>\n","protected":false},"author":10,"featured_media":1804,"comment_status":"open","ping_status":"open","sticky":false,"template":"","format":"standard","meta":{"om_disable_all_campaigns":false,"_monsterinsights_skip_tracking":false,"_monsterinsights_sitenote_active":false,"_monsterinsights_sitenote_note":"","_monsterinsights_sitenote_category":0,"footnotes":""},"categories":[1],"tags":[163],"class_list":{"0":"post-3629","1":"post","2":"type-post","3":"status-publish","4":"format-standard","5":"has-post-thumbnail","7":"category-nacionales","8":"tag-tomas-hernandez-alberto"},"aioseo_notices":[],"_links":{"self":[{"href":"https:\/\/periodicolarepublica.com\/index.php\/wp-json\/wp\/v2\/posts\/3629","targetHints":{"allow":["GET"]}}],"collection":[{"href":"https:\/\/periodicolarepublica.com\/index.php\/wp-json\/wp\/v2\/posts"}],"about":[{"href":"https:\/\/periodicolarepublica.com\/index.php\/wp-json\/wp\/v2\/types\/post"}],"author":[{"embeddable":true,"href":"https:\/\/periodicolarepublica.com\/index.php\/wp-json\/wp\/v2\/users\/10"}],"replies":[{"embeddable":true,"href":"https:\/\/periodicolarepublica.com\/index.php\/wp-json\/wp\/v2\/comments?post=3629"}],"version-history":[{"count":1,"href":"https:\/\/periodicolarepublica.com\/index.php\/wp-json\/wp\/v2\/posts\/3629\/revisions"}],"predecessor-version":[{"id":3630,"href":"https:\/\/periodicolarepublica.com\/index.php\/wp-json\/wp\/v2\/posts\/3629\/revisions\/3630"}],"wp:featuredmedia":[{"embeddable":true,"href":"https:\/\/periodicolarepublica.com\/index.php\/wp-json\/wp\/v2\/media\/1804"}],"wp:attachment":[{"href":"https:\/\/periodicolarepublica.com\/index.php\/wp-json\/wp\/v2\/media?parent=3629"}],"wp:term":[{"taxonomy":"category","embeddable":true,"href":"https:\/\/periodicolarepublica.com\/index.php\/wp-json\/wp\/v2\/categories?post=3629"},{"taxonomy":"post_tag","embeddable":true,"href":"https:\/\/periodicolarepublica.com\/index.php\/wp-json\/wp\/v2\/tags?post=3629"}],"curies":[{"name":"wp","href":"https:\/\/api.w.org\/{rel}","templated":true}]}}