{"id":3634,"date":"2025-07-09T22:54:47","date_gmt":"2025-07-09T20:54:47","guid":{"rendered":"https:\/\/periodicolarepublica.com\/?p=3634"},"modified":"2025-07-09T22:54:47","modified_gmt":"2025-07-09T20:54:47","slug":"amchamdr-da-la-bienvenida-a-eduardo-valcarcel-como-nuevo-miembro-de-su-consejo-de-directores","status":"publish","type":"post","link":"https:\/\/periodicolarepublica.com\/index.php\/2025\/07\/09\/amchamdr-da-la-bienvenida-a-eduardo-valcarcel-como-nuevo-miembro-de-su-consejo-de-directores\/","title":{"rendered":"AMCHAMDR da la bienvenida a Eduardo Valc\u00e1rcel como nuevo miembro de su Consejo de Directores"},"content":{"rendered":"<p>La C\u00e1mara Americana de Comercio de la Rep\u00fablica Dominicana (AMCHAMDR) anunci\u00f3 la elecci\u00f3n de Eduardo Valc\u00e1rcel, socio director de Newlink Dominicana, como nuevo miembro US-Link de su Consejo de Directores.<\/p>\n<p>Valc\u00e1rcel asume este rol en sustituci\u00f3n de Juana Barcel\u00f3, pasada presidenta de Barrick Pueblo Viejo, quien culmina una importante trayectoria al frente de la empresa minera y como parte del Consejo de AMCHAMDR desde el a\u00f1o 2019.<\/p>\n<p>\u201cAgradecemos a la se\u00f1ora Barcel\u00f3 por sus valiosas contribuciones durante estos a\u00f1os y le auguramos los mayores \u00e9xitos en sus futuros proyectos personales y profesionales\u201d, anunci\u00f3 la entidad en un comunicado.<\/p>\n<p>&nbsp;<\/p>\n<p>Con una amplia experiencia en estrategia, comunicaci\u00f3n y liderazgo empresarial, Eduardo Valc\u00e1rcel es referente en la construcci\u00f3n de v\u00ednculos s\u00f3lidos entre los sectores p\u00fablico y privado, as\u00ed como un defensor de la innovaci\u00f3n y el desarrollo sostenible en el pa\u00eds. Su incorporaci\u00f3n al Consejo de Directores fortalecer\u00e1 la misi\u00f3n de AMCHAMDR de seguir promoviendo un clima de inversi\u00f3n favorable, transparente y competitivo entre Rep\u00fablica Dominicana y los Estados Unidos.<\/p>\n<p>\u201cDesde AMCHAMDR le damos la m\u00e1s cordial bienvenida a Eduardo Valc\u00e1rcel y le auguramos muchos \u00e9xitos en esta nueva etapa de servicio institucional, seguros de que su visi\u00f3n y compromiso enriquecer\u00e1n el trabajo del Consejo en beneficio de nuestros miembros y del pa\u00eds\u201d, destac\u00f3 la C\u00e1mara Americana de Comercio en un comunicado.<\/p>\n<p>*Sobre la C\u00e1mara Americana de Comercio de la Rep\u00fablica Dominicana (AMCHAMDR)*<\/p>\n<p>La C\u00e1mara Americana de Comercio de la Rep\u00fablica Dominicana (AMCHAMDR por sus siglas en ingl\u00e9s) es una asociaci\u00f3n sin fines de lucro, incorporada legalmente el 8 de noviembre de 1923, que fomenta un clima de inversi\u00f3n saludable basado en el acceso de conocimiento, oportunidades y una cultura de mejores pr\u00e1cticas para el desarrollo socioecon\u00f3mico y profesional de sus socios. AMCHAMDR est\u00e1 afiliada a la U.S. Chamber of Commerce y es miembro fundador de la Asociaci\u00f3n de C\u00e1maras Americanas de Comercio en Am\u00e9rica Latina (AACCLA por sus siglas en ingl\u00e9s).<\/p>\n<p><img loading=\"lazy\" decoding=\"async\" class=\"alignnone size-medium wp-image-2944\" src=\"https:\/\/periodicolarepublica.com\/wp-content\/uploads\/2025\/04\/AMCHAMDR_Logo-300x257.png\" alt=\"\" width=\"300\" height=\"257\" srcset=\"https:\/\/periodicolarepublica.com\/wp-content\/uploads\/2025\/04\/AMCHAMDR_Logo-300x257.png 300w, https:\/\/periodicolarepublica.com\/wp-content\/uploads\/2025\/04\/AMCHAMDR_Logo-150x129.png 150w, https:\/\/periodicolarepublica.com\/wp-content\/uploads\/2025\/04\/AMCHAMDR_Logo-600x514.png 600w, https:\/\/periodicolarepublica.com\/wp-content\/uploads\/2025\/04\/AMCHAMDR_Logo-696x597.png 696w, https:\/\/periodicolarepublica.com\/wp-content\/uploads\/2025\/04\/AMCHAMDR_Logo.png 700w\" sizes=\"auto, (max-width: 300px) 100vw, 300px\" \/><\/p>\n","protected":false},"excerpt":{"rendered":"<p>La C\u00e1mara Americana de Comercio de la Rep\u00fablica Dominicana (AMCHAMDR) anunci\u00f3 la elecci\u00f3n de Eduardo Valc\u00e1rcel, socio director de Newlink Dominicana, como nuevo miembro US-Link de su Consejo de Directores. Valc\u00e1rcel asume este rol en sustituci\u00f3n de Juana Barcel\u00f3, pasada presidenta de Barrick Pueblo Viejo, quien culmina una importante trayectoria al frente de la empresa [&hellip;]<\/p>\n","protected":false},"author":6,"featured_media":2944,"comment_status":"open","ping_status":"open","sticky":false,"template":"","format":"standard","meta":{"om_disable_all_campaigns":false,"_monsterinsights_skip_tracking":false,"_monsterinsights_sitenote_active":false,"_monsterinsights_sitenote_note":"","_monsterinsights_sitenote_category":0,"footnotes":""},"categories":[1],"tags":[359],"class_list":{"0":"post-3634","1":"post","2":"type-post","3":"status-publish","4":"format-standard","5":"has-post-thumbnail","7":"category-nacionales","8":"tag-amchamrd"},"aioseo_notices":[],"_links":{"self":[{"href":"https:\/\/periodicolarepublica.com\/index.php\/wp-json\/wp\/v2\/posts\/3634","targetHints":{"allow":["GET"]}}],"collection":[{"href":"https:\/\/periodicolarepublica.com\/index.php\/wp-json\/wp\/v2\/posts"}],"about":[{"href":"https:\/\/periodicolarepublica.com\/index.php\/wp-json\/wp\/v2\/types\/post"}],"author":[{"embeddable":true,"href":"https:\/\/periodicolarepublica.com\/index.php\/wp-json\/wp\/v2\/users\/6"}],"replies":[{"embeddable":true,"href":"https:\/\/periodicolarepublica.com\/index.php\/wp-json\/wp\/v2\/comments?post=3634"}],"version-history":[{"count":1,"href":"https:\/\/periodicolarepublica.com\/index.php\/wp-json\/wp\/v2\/posts\/3634\/revisions"}],"predecessor-version":[{"id":3635,"href":"https:\/\/periodicolarepublica.com\/index.php\/wp-json\/wp\/v2\/posts\/3634\/revisions\/3635"}],"wp:featuredmedia":[{"embeddable":true,"href":"https:\/\/periodicolarepublica.com\/index.php\/wp-json\/wp\/v2\/media\/2944"}],"wp:attachment":[{"href":"https:\/\/periodicolarepublica.com\/index.php\/wp-json\/wp\/v2\/media?parent=3634"}],"wp:term":[{"taxonomy":"category","embeddable":true,"href":"https:\/\/periodicolarepublica.com\/index.php\/wp-json\/wp\/v2\/categories?post=3634"},{"taxonomy":"post_tag","embeddable":true,"href":"https:\/\/periodicolarepublica.com\/index.php\/wp-json\/wp\/v2\/tags?post=3634"}],"curies":[{"name":"wp","href":"https:\/\/api.w.org\/{rel}","templated":true}]}}