{"id":364,"date":"2024-02-06T17:22:01","date_gmt":"2024-02-06T16:22:01","guid":{"rendered":"https:\/\/periodicolarepublica.com\/?p=364"},"modified":"2024-02-06T17:22:01","modified_gmt":"2024-02-06T16:22:01","slug":"presentan-a-milka-hernandez-como-candidata-a-la-presidencia-de-adeja","status":"publish","type":"post","link":"https:\/\/periodicolarepublica.com\/index.php\/2024\/02\/06\/presentan-a-milka-hernandez-como-candidata-a-la-presidencia-de-adeja\/","title":{"rendered":"Presentan a Milka Hern\u00e1ndez como candidata a la presidencia de ADEJA"},"content":{"rendered":"<p><img loading=\"lazy\" decoding=\"async\" class=\"alignnone size-medium wp-image-365\" src=\"https:\/\/periodicolarepublica.com\/wp-content\/uploads\/2024\/02\/Picsart_24-02-06_10-09-52-073-300x113.jpg\" alt=\"\" width=\"300\" height=\"113\" srcset=\"https:\/\/periodicolarepublica.com\/wp-content\/uploads\/2024\/02\/Picsart_24-02-06_10-09-52-073-300x113.jpg?v=1715379820 300w, https:\/\/periodicolarepublica.com\/wp-content\/uploads\/2024\/02\/Picsart_24-02-06_10-09-52-073-1024x387.jpg?v=1715379820 1024w, https:\/\/periodicolarepublica.com\/wp-content\/uploads\/2024\/02\/Picsart_24-02-06_10-09-52-073-768x290.jpg?v=1715379820 768w, https:\/\/periodicolarepublica.com\/wp-content\/uploads\/2024\/02\/Picsart_24-02-06_10-09-52-073-1536x580.jpg?v=1715379820 1536w, https:\/\/periodicolarepublica.com\/wp-content\/uploads\/2024\/02\/Picsart_24-02-06_10-09-52-073-2048x774.jpg?v=1715379820 2048w, https:\/\/periodicolarepublica.com\/wp-content\/uploads\/2024\/02\/Picsart_24-02-06_10-09-52-073-150x57.jpg?v=1715379820 150w, https:\/\/periodicolarepublica.com\/wp-content\/uploads\/2024\/02\/Picsart_24-02-06_10-09-52-073-600x227.jpg?v=1715379820 600w, https:\/\/periodicolarepublica.com\/wp-content\/uploads\/2024\/02\/Picsart_24-02-06_10-09-52-073-696x263.jpg?v=1715379820 696w, https:\/\/periodicolarepublica.com\/wp-content\/uploads\/2024\/02\/Picsart_24-02-06_10-09-52-073-1392x526.jpg?v=1715379820 1392w, https:\/\/periodicolarepublica.com\/wp-content\/uploads\/2024\/02\/Picsart_24-02-06_10-09-52-073-1068x404.jpg?v=1715379820 1068w, https:\/\/periodicolarepublica.com\/wp-content\/uploads\/2024\/02\/Picsart_24-02-06_10-09-52-073-1920x726.jpg?v=1715379820 1920w\" sizes=\"auto, (max-width: 300px) 100vw, 300px\" \/><\/p>\n<p>Santo Domingo, Rep\u00fablica Dominicana \u2013 un importante grupo de exbecarios de diversos sectores, encabezados por la destacad\u00edsima profesional licenciada Milka Hern\u00e1ndez, se conjugaron en una plancha para buscar la direcci\u00f3n de la Asociaci\u00f3n Dominicana de Exbecarios del Jap\u00f3n (ADEJA) para el periodo 2024-2026.<\/p>\n<p>Con una visi\u00f3n de integraci\u00f3n, innovaci\u00f3n y de fortalecimiento institucional, fue estructurada la Plancha No. 2, \u00abIntegraci\u00f3n y Compromiso\u00bb, que procura darle a la ADEJA una mayor visibilidad y presencia a esa organizaci\u00f3n.<\/p>\n<p>Con un equipo multidisciplinario de profesionales, todos con valiosa experiencia en Jap\u00f3n, Milka Hern\u00e1ndez centrar\u00e1 su gesti\u00f3n en la ADEJA, en impulsar la participaci\u00f3n, fomentar el intercambio de conocimientos y experiencias, y abordar las necesidades de la comunidad de exbecarios.<\/p>\n<p>La plancha \u201cCompromiso e integraci\u00f3n\u201d estar\u00e1 integrada adem\u00e1s, por Jos\u00e9 V\u00e1squez, pasado presidente y director del consejo de asesores; Roberto G\u00f3mez, vicepresidente; Ebony Lafontaine, secretaria general; Raquel Samboy, secretaria de organizaci\u00f3n; Ram\u00f3n Paulino, tesorero, Lissette Gil, directora regional nordeste; Ismael Santana, director regional este; Neris Ramos, directora regional noroeste;<\/p>\n<p>Las elecciones se realizar\u00e1n este pr\u00f3ximo s\u00e1bado 10 de febrero desde las 9:00 a.m. en el local de la Federaci\u00f3n Dominicana de Municipios, ubicado en la calle Elvira de Mendoza, No. 104, Distrito Nacional.<\/p>\n<p>&nbsp;<\/p>\n","protected":false},"excerpt":{"rendered":"<p>Santo Domingo, Rep\u00fablica Dominicana \u2013 un importante grupo de exbecarios de diversos sectores, encabezados por la destacad\u00edsima profesional licenciada Milka Hern\u00e1ndez, se conjugaron en una plancha para buscar la direcci\u00f3n de la Asociaci\u00f3n Dominicana de Exbecarios del Jap\u00f3n (ADEJA) para el periodo 2024-2026. Con una visi\u00f3n de integraci\u00f3n, innovaci\u00f3n y de fortalecimiento institucional, fue estructurada [&hellip;]<\/p>\n","protected":false},"author":1,"featured_media":365,"comment_status":"open","ping_status":"open","sticky":false,"template":"","format":"standard","meta":{"om_disable_all_campaigns":false,"_monsterinsights_skip_tracking":false,"_monsterinsights_sitenote_active":false,"_monsterinsights_sitenote_note":"","_monsterinsights_sitenote_category":0,"footnotes":""},"categories":[1],"tags":[],"class_list":{"0":"post-364","1":"post","2":"type-post","3":"status-publish","4":"format-standard","5":"has-post-thumbnail","7":"category-nacionales"},"aioseo_notices":[],"_links":{"self":[{"href":"https:\/\/periodicolarepublica.com\/index.php\/wp-json\/wp\/v2\/posts\/364","targetHints":{"allow":["GET"]}}],"collection":[{"href":"https:\/\/periodicolarepublica.com\/index.php\/wp-json\/wp\/v2\/posts"}],"about":[{"href":"https:\/\/periodicolarepublica.com\/index.php\/wp-json\/wp\/v2\/types\/post"}],"author":[{"embeddable":true,"href":"https:\/\/periodicolarepublica.com\/index.php\/wp-json\/wp\/v2\/users\/1"}],"replies":[{"embeddable":true,"href":"https:\/\/periodicolarepublica.com\/index.php\/wp-json\/wp\/v2\/comments?post=364"}],"version-history":[{"count":1,"href":"https:\/\/periodicolarepublica.com\/index.php\/wp-json\/wp\/v2\/posts\/364\/revisions"}],"predecessor-version":[{"id":366,"href":"https:\/\/periodicolarepublica.com\/index.php\/wp-json\/wp\/v2\/posts\/364\/revisions\/366"}],"wp:featuredmedia":[{"embeddable":true,"href":"https:\/\/periodicolarepublica.com\/index.php\/wp-json\/wp\/v2\/media\/365"}],"wp:attachment":[{"href":"https:\/\/periodicolarepublica.com\/index.php\/wp-json\/wp\/v2\/media?parent=364"}],"wp:term":[{"taxonomy":"category","embeddable":true,"href":"https:\/\/periodicolarepublica.com\/index.php\/wp-json\/wp\/v2\/categories?post=364"},{"taxonomy":"post_tag","embeddable":true,"href":"https:\/\/periodicolarepublica.com\/index.php\/wp-json\/wp\/v2\/tags?post=364"}],"curies":[{"name":"wp","href":"https:\/\/api.w.org\/{rel}","templated":true}]}}