{"id":3641,"date":"2025-07-10T17:48:27","date_gmt":"2025-07-10T15:48:27","guid":{"rendered":"https:\/\/periodicolarepublica.com\/?p=3641"},"modified":"2025-07-10T17:48:27","modified_gmt":"2025-07-10T15:48:27","slug":"banco-popular-e-instituto-de-credito-oficial-de-espana-canalizaran-us25-millones-en-fondos-para-empresas-espanolas","status":"publish","type":"post","link":"https:\/\/periodicolarepublica.com\/index.php\/2025\/07\/10\/banco-popular-e-instituto-de-credito-oficial-de-espana-canalizaran-us25-millones-en-fondos-para-empresas-espanolas\/","title":{"rendered":"Banco Popular e Instituto de Cr\u00e9dito Oficial de Espa\u00f1a canalizar\u00e1n US$25 millones en fondos para empresas espa\u00f1olas"},"content":{"rendered":"<p>Con este segundo acuerdo impulsar\u00e1n iniciativas que promuevan la transici\u00f3n verde y digital<\/p>\n<p>Santo Domingo, D.N. \u2013 El Banco Popular Dominicano y el Instituto de Cr\u00e9dito Oficial (ICO) de Espa\u00f1a firmaron un nuevo acuerdo de financiaci\u00f3n por hasta US$25 millones, destinado a apoyar la actividad de empresas espa\u00f1olas en la Rep\u00fablica Dominicana e impulsar la relaci\u00f3n comercial entre ambos pa\u00edses.<\/p>\n<p>Este convenio permitir\u00e1 canalizar, a trav\u00e9s del Banco Popular, recursos hacia proyectos empresariales con inter\u00e9s espa\u00f1ol, con un enfoque especial en aquellos que impulsen la transici\u00f3n verde y digital.<\/p>\n<p>Este acuerdo consolida la presencia de la L\u00ednea ICO Canal Internacional en la regi\u00f3n del Caribe y representa la segunda colaboraci\u00f3n entre ambas entidades.<\/p>\n<p>Gracias a esta alianza, podr\u00e1n solicitar cr\u00e9dito las empresas espa\u00f1olas que ya sean clientes del Popular, as\u00ed como otras empresas extranjeras que mantengan v\u00ednculos comerciales con compa\u00f1\u00edas espa\u00f1olas, lo que ampl\u00eda significativamente el alcance y la base de potenciales beneficiarios de esta financiaci\u00f3n.<\/p>\n<blockquote><p><img loading=\"lazy\" decoding=\"async\" class=\"alignnone size-medium wp-image-3090\" src=\"https:\/\/periodicolarepublica.com\/wp-content\/uploads\/2025\/04\/bpd250x250-300x158.jpg\" alt=\"\" width=\"300\" height=\"158\" srcset=\"https:\/\/periodicolarepublica.com\/wp-content\/uploads\/2025\/04\/bpd250x250-300x158.jpg 300w, https:\/\/periodicolarepublica.com\/wp-content\/uploads\/2025\/04\/bpd250x250-1024x538.jpg 1024w, https:\/\/periodicolarepublica.com\/wp-content\/uploads\/2025\/04\/bpd250x250-768x403.jpg 768w, https:\/\/periodicolarepublica.com\/wp-content\/uploads\/2025\/04\/bpd250x250-150x79.jpg 150w, https:\/\/periodicolarepublica.com\/wp-content\/uploads\/2025\/04\/bpd250x250-600x315.jpg 600w, https:\/\/periodicolarepublica.com\/wp-content\/uploads\/2025\/04\/bpd250x250-696x365.jpg 696w, https:\/\/periodicolarepublica.com\/wp-content\/uploads\/2025\/04\/bpd250x250-1068x561.jpg 1068w, https:\/\/periodicolarepublica.com\/wp-content\/uploads\/2025\/04\/bpd250x250.jpg 1200w\" sizes=\"auto, (max-width: 300px) 100vw, 300px\" \/><\/p><\/blockquote>\n","protected":false},"excerpt":{"rendered":"<p>Con este segundo acuerdo impulsar\u00e1n iniciativas que promuevan la transici\u00f3n verde y digital Santo Domingo, D.N. \u2013 El Banco Popular Dominicano y el Instituto de Cr\u00e9dito Oficial (ICO) de Espa\u00f1a firmaron un nuevo acuerdo de financiaci\u00f3n por hasta US$25 millones, destinado a apoyar la actividad de empresas espa\u00f1olas en la Rep\u00fablica Dominicana e impulsar la [&hellip;]<\/p>\n","protected":false},"author":6,"featured_media":3090,"comment_status":"open","ping_status":"open","sticky":false,"template":"","format":"standard","meta":{"om_disable_all_campaigns":false,"_monsterinsights_skip_tracking":false,"_monsterinsights_sitenote_active":false,"_monsterinsights_sitenote_note":"","_monsterinsights_sitenote_category":0,"footnotes":""},"categories":[33],"tags":[76,119],"class_list":{"0":"post-3641","1":"post","2":"type-post","3":"status-publish","4":"format-standard","5":"has-post-thumbnail","7":"category-canal-financiero","8":"tag-banco-popular-dominicano","9":"tag-popularenlinea-com"},"aioseo_notices":[],"_links":{"self":[{"href":"https:\/\/periodicolarepublica.com\/index.php\/wp-json\/wp\/v2\/posts\/3641","targetHints":{"allow":["GET"]}}],"collection":[{"href":"https:\/\/periodicolarepublica.com\/index.php\/wp-json\/wp\/v2\/posts"}],"about":[{"href":"https:\/\/periodicolarepublica.com\/index.php\/wp-json\/wp\/v2\/types\/post"}],"author":[{"embeddable":true,"href":"https:\/\/periodicolarepublica.com\/index.php\/wp-json\/wp\/v2\/users\/6"}],"replies":[{"embeddable":true,"href":"https:\/\/periodicolarepublica.com\/index.php\/wp-json\/wp\/v2\/comments?post=3641"}],"version-history":[{"count":1,"href":"https:\/\/periodicolarepublica.com\/index.php\/wp-json\/wp\/v2\/posts\/3641\/revisions"}],"predecessor-version":[{"id":3642,"href":"https:\/\/periodicolarepublica.com\/index.php\/wp-json\/wp\/v2\/posts\/3641\/revisions\/3642"}],"wp:featuredmedia":[{"embeddable":true,"href":"https:\/\/periodicolarepublica.com\/index.php\/wp-json\/wp\/v2\/media\/3090"}],"wp:attachment":[{"href":"https:\/\/periodicolarepublica.com\/index.php\/wp-json\/wp\/v2\/media?parent=3641"}],"wp:term":[{"taxonomy":"category","embeddable":true,"href":"https:\/\/periodicolarepublica.com\/index.php\/wp-json\/wp\/v2\/categories?post=3641"},{"taxonomy":"post_tag","embeddable":true,"href":"https:\/\/periodicolarepublica.com\/index.php\/wp-json\/wp\/v2\/tags?post=3641"}],"curies":[{"name":"wp","href":"https:\/\/api.w.org\/{rel}","templated":true}]}}