{"id":3643,"date":"2025-07-10T18:42:40","date_gmt":"2025-07-10T16:42:40","guid":{"rendered":"https:\/\/periodicolarepublica.com\/?p=3643"},"modified":"2025-07-10T18:42:40","modified_gmt":"2025-07-10T16:42:40","slug":"copa-airlines-con-nueva-ruta-a-puerto-plata-la-novia-del-atlantico","status":"publish","type":"post","link":"https:\/\/periodicolarepublica.com\/index.php\/2025\/07\/10\/copa-airlines-con-nueva-ruta-a-puerto-plata-la-novia-del-atlantico\/","title":{"rendered":"Copa Airlines con nueva ruta a Puerto Plata, la novia del atl\u00e1ntico"},"content":{"rendered":"<p>La aerol\u00ednea paname\u00f1a Copa Airlines anunci\u00f3 la incorporaci\u00f3n de Puerto Plata a su red de rutas en la Rep\u00fablica Dominicana, con vuelos programados para iniciar el 13 de enero de 2026. Esta ciudad costera del norte del pa\u00eds se convierte en la cuarta puerta de entrada de la compa\u00f1\u00eda en el territorio dominicano, sum\u00e1ndose a sus operaciones actuales en Punta Cana (PUJ), Santo Domingo (SDQ) y Santiago de los Caballeros (STI).<\/p>\n<p>La estrategia de crecimiento fortalece la conectividad del Caribe con el resto del continente, a trav\u00e9s del Hub de las Am\u00e9ricas en el Aeropuerto Internacional de Tocumen (PTY), en Ciudad de Panam\u00e1.<\/p>\n<p>Estas rutas mejoran la conectividad a\u00e9rea en la regi\u00f3n y estimulan el intercambio cultural y econ\u00f3mico, impulsan el turismo y fortalecen los negocios en ambas ciudades.<\/p>\n<p>Copa Airlines reafirma su compromiso con el desarrollo tur\u00edstico y comercial de la Rep\u00fablica Dominicana, facilitando el acceso desde m\u00faltiples destinos del continente a trav\u00e9s de su consolidado centro de conexiones en Panam\u00e1.<\/p>\n<p><img loading=\"lazy\" decoding=\"async\" class=\"alignnone size-medium wp-image-3644\" src=\"https:\/\/periodicolarepublica.com\/wp-content\/uploads\/2025\/07\/hq720-300x169.jpg\" alt=\"\" width=\"300\" height=\"169\" srcset=\"https:\/\/periodicolarepublica.com\/wp-content\/uploads\/2025\/07\/hq720-300x169.jpg 300w, https:\/\/periodicolarepublica.com\/wp-content\/uploads\/2025\/07\/hq720-150x84.jpg 150w, https:\/\/periodicolarepublica.com\/wp-content\/uploads\/2025\/07\/hq720-600x338.jpg 600w, https:\/\/periodicolarepublica.com\/wp-content\/uploads\/2025\/07\/hq720.jpg 686w\" sizes=\"auto, (max-width: 300px) 100vw, 300px\" \/><\/p>\n<p>&nbsp;<\/p>\n","protected":false},"excerpt":{"rendered":"<p>La aerol\u00ednea paname\u00f1a Copa Airlines anunci\u00f3 la incorporaci\u00f3n de Puerto Plata a su red de rutas en la Rep\u00fablica Dominicana, con vuelos programados para iniciar el 13 de enero de 2026. Esta ciudad costera del norte del pa\u00eds se convierte en la cuarta puerta de entrada de la compa\u00f1\u00eda en el territorio dominicano, sum\u00e1ndose a [&hellip;]<\/p>\n","protected":false},"author":1,"featured_media":3644,"comment_status":"open","ping_status":"open","sticky":false,"template":"","format":"standard","meta":{"om_disable_all_campaigns":false,"_monsterinsights_skip_tracking":false,"_monsterinsights_sitenote_active":false,"_monsterinsights_sitenote_note":"","_monsterinsights_sitenote_category":0,"footnotes":""},"categories":[1,20],"tags":[423],"class_list":{"0":"post-3643","1":"post","2":"type-post","3":"status-publish","4":"format-standard","5":"has-post-thumbnail","7":"category-nacionales","8":"category-turismo","9":"tag-copa-airlines"},"aioseo_notices":[],"_links":{"self":[{"href":"https:\/\/periodicolarepublica.com\/index.php\/wp-json\/wp\/v2\/posts\/3643","targetHints":{"allow":["GET"]}}],"collection":[{"href":"https:\/\/periodicolarepublica.com\/index.php\/wp-json\/wp\/v2\/posts"}],"about":[{"href":"https:\/\/periodicolarepublica.com\/index.php\/wp-json\/wp\/v2\/types\/post"}],"author":[{"embeddable":true,"href":"https:\/\/periodicolarepublica.com\/index.php\/wp-json\/wp\/v2\/users\/1"}],"replies":[{"embeddable":true,"href":"https:\/\/periodicolarepublica.com\/index.php\/wp-json\/wp\/v2\/comments?post=3643"}],"version-history":[{"count":1,"href":"https:\/\/periodicolarepublica.com\/index.php\/wp-json\/wp\/v2\/posts\/3643\/revisions"}],"predecessor-version":[{"id":3645,"href":"https:\/\/periodicolarepublica.com\/index.php\/wp-json\/wp\/v2\/posts\/3643\/revisions\/3645"}],"wp:featuredmedia":[{"embeddable":true,"href":"https:\/\/periodicolarepublica.com\/index.php\/wp-json\/wp\/v2\/media\/3644"}],"wp:attachment":[{"href":"https:\/\/periodicolarepublica.com\/index.php\/wp-json\/wp\/v2\/media?parent=3643"}],"wp:term":[{"taxonomy":"category","embeddable":true,"href":"https:\/\/periodicolarepublica.com\/index.php\/wp-json\/wp\/v2\/categories?post=3643"},{"taxonomy":"post_tag","embeddable":true,"href":"https:\/\/periodicolarepublica.com\/index.php\/wp-json\/wp\/v2\/tags?post=3643"}],"curies":[{"name":"wp","href":"https:\/\/api.w.org\/{rel}","templated":true}]}}