{"id":3649,"date":"2025-07-11T01:35:25","date_gmt":"2025-07-10T23:35:25","guid":{"rendered":"https:\/\/periodicolarepublica.com\/?p=3649"},"modified":"2025-07-11T01:35:25","modified_gmt":"2025-07-10T23:35:25","slug":"unipago-y-la-ucsd-habilitan-auditorio-tecnologico-de-alto-nivel-en-apuesta-conjunta-por-la-educacion-y-el-futuro-digital-del-pais","status":"publish","type":"post","link":"https:\/\/periodicolarepublica.com\/index.php\/2025\/07\/11\/unipago-y-la-ucsd-habilitan-auditorio-tecnologico-de-alto-nivel-en-apuesta-conjunta-por-la-educacion-y-el-futuro-digital-del-pais\/","title":{"rendered":"UNIPAGO y la UCSD habilitan auditorio tecnol\u00f3gico de alto nivel en apuesta conjunta por la educaci\u00f3n y el futuro digital del pa\u00eds."},"content":{"rendered":"<p>UNIPAGO, S.A. y la Universidad Cat\u00f3lica Santo Domingo habilitaron hoy el renovado Auditorio Rvdo. Padre Ram\u00f3n Alonso Beato, un espacio acad\u00e9mico completamente modernizado que fortalece una alianza estrat\u00e9gica orientada a impulsar la educaci\u00f3n superior, la innovaci\u00f3n tecnol\u00f3gica y la formaci\u00f3n de talento joven en la Rep\u00fablica Dominicana.<\/p>\n<p>&nbsp;<\/p>\n<p>La transformaci\u00f3n de este emblem\u00e1tico auditorio fue posible gracias al respaldo de UNIPAGO a trav\u00e9s de su plan de responsabilidad social corporativa enfocado en la promoci\u00f3n de la educaci\u00f3n y el desarrollo sostenible. La intervenci\u00f3n incluy\u00f3 una renovaci\u00f3n integral con tecnolog\u00eda de vanguardia en proyecci\u00f3n, sonido e infraestructura digital, posicionando el auditorio como un centro de referencia nacional para la realizaci\u00f3n de congresos, foros y encuentros sobre inteligencia artificial, sostenibilidad, ciberseguridad y otros temas clave del presente y del futuro.<\/p>\n<p>&nbsp;<\/p>\n<p>\u201cCuando impulsamos la educaci\u00f3n, apostamos por el pa\u00eds. Este auditorio representa mucho m\u00e1s que una obra f\u00edsica, es una plataforma de oportunidades para conectar el talento dominicano con los desaf\u00edos del mundo actual. Desde UNIPAGO seguimos comprometidos con iniciativas que transforman vidas y fortalecen el futuro de nuestra naci\u00f3n\u201d, declar\u00f3 Lucas Gait\u00e1n Leal, Presidente Ejecutivo de UNIPAGO.<\/p>\n<p>Por su parte, el Reverendo Padre Dr. Jos\u00e9 Luis de la Cruz, Rector de la Universidad Cat\u00f3lica Santo Domingo, destac\u00f3 el impacto acad\u00e9mico del proyecto. \u201cEste auditorio modernizado no solo representa un salto tecnol\u00f3gico, sino una clara inversi\u00f3n en el presente y el futuro de nuestra comunidad educativa.\u201d<\/p>\n<p><img loading=\"lazy\" decoding=\"async\" class=\"alignnone size-medium wp-image-3650\" src=\"https:\/\/periodicolarepublica.com\/wp-content\/uploads\/2025\/07\/Screenshot_2025-07-10-19-33-41-630_com.miui_.gallery-e1752190484444-300x197.jpg\" alt=\"\" width=\"300\" height=\"197\" srcset=\"https:\/\/periodicolarepublica.com\/wp-content\/uploads\/2025\/07\/Screenshot_2025-07-10-19-33-41-630_com.miui_.gallery-e1752190484444-300x197.jpg 300w, https:\/\/periodicolarepublica.com\/wp-content\/uploads\/2025\/07\/Screenshot_2025-07-10-19-33-41-630_com.miui_.gallery-e1752190484444-768x505.jpg 768w, https:\/\/periodicolarepublica.com\/wp-content\/uploads\/2025\/07\/Screenshot_2025-07-10-19-33-41-630_com.miui_.gallery-e1752190484444-150x99.jpg 150w, https:\/\/periodicolarepublica.com\/wp-content\/uploads\/2025\/07\/Screenshot_2025-07-10-19-33-41-630_com.miui_.gallery-e1752190484444-600x395.jpg 600w, https:\/\/periodicolarepublica.com\/wp-content\/uploads\/2025\/07\/Screenshot_2025-07-10-19-33-41-630_com.miui_.gallery-e1752190484444-696x458.jpg 696w, https:\/\/periodicolarepublica.com\/wp-content\/uploads\/2025\/07\/Screenshot_2025-07-10-19-33-41-630_com.miui_.gallery-e1752190484444.jpg 784w\" sizes=\"auto, (max-width: 300px) 100vw, 300px\" \/><\/p>\n","protected":false},"excerpt":{"rendered":"<p>UNIPAGO, S.A. y la Universidad Cat\u00f3lica Santo Domingo habilitaron hoy el renovado Auditorio Rvdo. Padre Ram\u00f3n Alonso Beato, un espacio acad\u00e9mico completamente modernizado que fortalece una alianza estrat\u00e9gica orientada a impulsar la educaci\u00f3n superior, la innovaci\u00f3n tecnol\u00f3gica y la formaci\u00f3n de talento joven en la Rep\u00fablica Dominicana. &nbsp; La transformaci\u00f3n de este emblem\u00e1tico auditorio fue [&hellip;]<\/p>\n","protected":false},"author":6,"featured_media":3650,"comment_status":"open","ping_status":"open","sticky":false,"template":"","format":"standard","meta":{"om_disable_all_campaigns":false,"_monsterinsights_skip_tracking":false,"_monsterinsights_sitenote_active":false,"_monsterinsights_sitenote_note":"","_monsterinsights_sitenote_category":0,"footnotes":""},"categories":[1],"tags":[],"class_list":{"0":"post-3649","1":"post","2":"type-post","3":"status-publish","4":"format-standard","5":"has-post-thumbnail","7":"category-nacionales"},"aioseo_notices":[],"_links":{"self":[{"href":"https:\/\/periodicolarepublica.com\/index.php\/wp-json\/wp\/v2\/posts\/3649","targetHints":{"allow":["GET"]}}],"collection":[{"href":"https:\/\/periodicolarepublica.com\/index.php\/wp-json\/wp\/v2\/posts"}],"about":[{"href":"https:\/\/periodicolarepublica.com\/index.php\/wp-json\/wp\/v2\/types\/post"}],"author":[{"embeddable":true,"href":"https:\/\/periodicolarepublica.com\/index.php\/wp-json\/wp\/v2\/users\/6"}],"replies":[{"embeddable":true,"href":"https:\/\/periodicolarepublica.com\/index.php\/wp-json\/wp\/v2\/comments?post=3649"}],"version-history":[{"count":1,"href":"https:\/\/periodicolarepublica.com\/index.php\/wp-json\/wp\/v2\/posts\/3649\/revisions"}],"predecessor-version":[{"id":3651,"href":"https:\/\/periodicolarepublica.com\/index.php\/wp-json\/wp\/v2\/posts\/3649\/revisions\/3651"}],"wp:featuredmedia":[{"embeddable":true,"href":"https:\/\/periodicolarepublica.com\/index.php\/wp-json\/wp\/v2\/media\/3650"}],"wp:attachment":[{"href":"https:\/\/periodicolarepublica.com\/index.php\/wp-json\/wp\/v2\/media?parent=3649"}],"wp:term":[{"taxonomy":"category","embeddable":true,"href":"https:\/\/periodicolarepublica.com\/index.php\/wp-json\/wp\/v2\/categories?post=3649"},{"taxonomy":"post_tag","embeddable":true,"href":"https:\/\/periodicolarepublica.com\/index.php\/wp-json\/wp\/v2\/tags?post=3649"}],"curies":[{"name":"wp","href":"https:\/\/api.w.org\/{rel}","templated":true}]}}