{"id":3652,"date":"2025-07-11T06:10:59","date_gmt":"2025-07-11T04:10:59","guid":{"rendered":"https:\/\/periodicolarepublica.com\/?p=3652"},"modified":"2025-07-11T06:10:59","modified_gmt":"2025-07-11T04:10:59","slug":"alcaldia-del-dn-realiza-operativo-integral-en-avenida-paseo-de-los-reyes-catolicos","status":"publish","type":"post","link":"https:\/\/periodicolarepublica.com\/index.php\/2025\/07\/11\/alcaldia-del-dn-realiza-operativo-integral-en-avenida-paseo-de-los-reyes-catolicos\/","title":{"rendered":"Alcald\u00eda del DN realiza operativo integral en avenida Paseo de los Reyes Cat\u00f3licos"},"content":{"rendered":"<p>*Alcald\u00eda del DN realiza operativo integral en avenida Paseo de los Reyes Cat\u00f3lico*<\/p>\n<p>Santo Domingo, DN \u2013 La Alcald\u00eda del Distrito Nacional realiz\u00f3 un amplio operativo integral en la avenida Paseo de los Reyes Cat\u00f3licos, beneficiando a los sectores Cristo Rey y Arroyo Hondo.<\/p>\n<p>\u00abHoy venimos por instrucciones de nuestra alcaldesa Carolina Mej\u00eda a hacer una intervenci\u00f3n con todas las direcciones operativas y acompa\u00f1adas por otras instituciones para dar continuidad a la limpieza y al orden de la avenida Reyes Cat\u00f3licos\u00bb, indic\u00f3 Ana Gonz\u00e1lez, directora de Aseo Urbano.<\/p>\n<p>El teniente coronel Jos\u00e9 An\u00edbal Sanz Melo, titular de la Direcci\u00f3n de Defensor\u00eda y Uso de Espacios P\u00fablicos, manifest\u00f3 que la misi\u00f3n era llevar soluciones a los ciudadanos.<\/p>\n<p>Durante la jornada de este jueves, se realiz\u00f3 el retiro de chatarras y veh\u00edculos mal estacionados, recuperaci\u00f3n de espacios p\u00fablicos, recogida de desechos, limpieza profunda, se\u00f1alizaci\u00f3n y poda de \u00e1rboles.<\/p>\n<p>Adem\u00e1s, las direcciones de Infraestructura y Obras Comunitarias realizaron levantamientos t\u00e9cnicos para realizar reparaciones de aceras. Por otro lado, Gesti\u00f3n Ambiental plant\u00f3 50 \u00e1rboles de caoba criolla y alm\u00e1cigos, especies incluidas en el Plan de Arbolado Urbano del cabildo.<\/p>\n<p>&nbsp;<\/p>\n<p>El operativo, desarrollado bajo las directrices de Carolina Mej\u00eda, fue realizado por las direcciones de Aseo Urbano, Defensor\u00eda y Uso de Espacios P\u00fablicos, Tr\u00e1nsito y Movilidad Urbana, Gesti\u00f3n Ambiental, Desarrollo Comunitario y la Polic\u00eda Municipal.<\/p>\n<p>La iniciativa se efectu\u00f3 en coordinaci\u00f3n con la Polic\u00eda Nacional, Fuerza de Tarea Ciudad Tranquila (Ciutran), el Instituto Nacional de Transporte y Tr\u00e1nsito Terrestre (Intrant) y la Direcci\u00f3n General de Tr\u00e1nsito y Transporte Terrestre (Digesett).<\/p>\n<p><img loading=\"lazy\" decoding=\"async\" class=\"alignnone size-medium wp-image-3653\" src=\"https:\/\/periodicolarepublica.com\/wp-content\/uploads\/2025\/07\/images-24-300x114.jpeg\" alt=\"\" width=\"300\" height=\"114\" srcset=\"https:\/\/periodicolarepublica.com\/wp-content\/uploads\/2025\/07\/images-24-300x114.jpeg 300w, https:\/\/periodicolarepublica.com\/wp-content\/uploads\/2025\/07\/images-24-150x57.jpeg 150w, https:\/\/periodicolarepublica.com\/wp-content\/uploads\/2025\/07\/images-24.jpeg 363w\" sizes=\"auto, (max-width: 300px) 100vw, 300px\" \/><\/p>\n","protected":false},"excerpt":{"rendered":"<p>*Alcald\u00eda del DN realiza operativo integral en avenida Paseo de los Reyes Cat\u00f3lico* Santo Domingo, DN \u2013 La Alcald\u00eda del Distrito Nacional realiz\u00f3 un amplio operativo integral en la avenida Paseo de los Reyes Cat\u00f3licos, beneficiando a los sectores Cristo Rey y Arroyo Hondo. \u00abHoy venimos por instrucciones de nuestra alcaldesa Carolina Mej\u00eda a hacer [&hellip;]<\/p>\n","protected":false},"author":6,"featured_media":3653,"comment_status":"open","ping_status":"open","sticky":false,"template":"","format":"standard","meta":{"om_disable_all_campaigns":false,"_monsterinsights_skip_tracking":false,"_monsterinsights_sitenote_active":false,"_monsterinsights_sitenote_note":"","_monsterinsights_sitenote_category":0,"footnotes":""},"categories":[1],"tags":[],"class_list":{"0":"post-3652","1":"post","2":"type-post","3":"status-publish","4":"format-standard","5":"has-post-thumbnail","7":"category-nacionales"},"aioseo_notices":[],"_links":{"self":[{"href":"https:\/\/periodicolarepublica.com\/index.php\/wp-json\/wp\/v2\/posts\/3652","targetHints":{"allow":["GET"]}}],"collection":[{"href":"https:\/\/periodicolarepublica.com\/index.php\/wp-json\/wp\/v2\/posts"}],"about":[{"href":"https:\/\/periodicolarepublica.com\/index.php\/wp-json\/wp\/v2\/types\/post"}],"author":[{"embeddable":true,"href":"https:\/\/periodicolarepublica.com\/index.php\/wp-json\/wp\/v2\/users\/6"}],"replies":[{"embeddable":true,"href":"https:\/\/periodicolarepublica.com\/index.php\/wp-json\/wp\/v2\/comments?post=3652"}],"version-history":[{"count":1,"href":"https:\/\/periodicolarepublica.com\/index.php\/wp-json\/wp\/v2\/posts\/3652\/revisions"}],"predecessor-version":[{"id":3654,"href":"https:\/\/periodicolarepublica.com\/index.php\/wp-json\/wp\/v2\/posts\/3652\/revisions\/3654"}],"wp:featuredmedia":[{"embeddable":true,"href":"https:\/\/periodicolarepublica.com\/index.php\/wp-json\/wp\/v2\/media\/3653"}],"wp:attachment":[{"href":"https:\/\/periodicolarepublica.com\/index.php\/wp-json\/wp\/v2\/media?parent=3652"}],"wp:term":[{"taxonomy":"category","embeddable":true,"href":"https:\/\/periodicolarepublica.com\/index.php\/wp-json\/wp\/v2\/categories?post=3652"},{"taxonomy":"post_tag","embeddable":true,"href":"https:\/\/periodicolarepublica.com\/index.php\/wp-json\/wp\/v2\/tags?post=3652"}],"curies":[{"name":"wp","href":"https:\/\/api.w.org\/{rel}","templated":true}]}}