{"id":3655,"date":"2025-07-11T06:16:34","date_gmt":"2025-07-11T04:16:34","guid":{"rendered":"https:\/\/periodicolarepublica.com\/?p=3655"},"modified":"2025-07-11T06:16:34","modified_gmt":"2025-07-11T04:16:34","slug":"robert-polanco-afirma-que-para-abinader-el-bienestar-colectivo-es-lo-primero-el-gobierno-esta-presente-donde-mas-se-necesita","status":"publish","type":"post","link":"https:\/\/periodicolarepublica.com\/index.php\/2025\/07\/11\/robert-polanco-afirma-que-para-abinader-el-bienestar-colectivo-es-lo-primero-el-gobierno-esta-presente-donde-mas-se-necesita\/","title":{"rendered":"Robert Polanco afirma que para Abinader el bienestar colectivo es lo primero; el Gobierno est\u00e1 presente donde m\u00e1s se necesita"},"content":{"rendered":"<p>Cientos de personas en condiciones de vulnerabilidad fueron beneficiadas en el municipio Enriquillo, Barahona; con los servicios que ofrecen las Jornadas \u201cPrimero t\u00fa\u201d de Propeep_<\/p>\n<p>*Enriquillo, Barahona*. \u2013 El director general de Proyectos Estrat\u00e9gicos y Especiales de la Presidencia (Propeep), Robert Polanco, afirm\u00f3 este jueves que el presidente Luis Abinader tiene como prioridad el bienestar colectivo y la inclusi\u00f3n social, asegurando que el Gobierno est\u00e1 presente donde m\u00e1s lo necesita la gente.<\/p>\n<p>Durante una jornada de inclusi\u00f3n social realizada en el municipio Enriquillo, provincia Barahona, Polanco destac\u00f3 que estas acciones reflejan el compromiso del presidente Abinader con una gesti\u00f3n cercana, humana y orientada a resolver las necesidades reales de las comunidades m\u00e1s vulnerables del pa\u00eds.<\/p>\n<p>&nbsp;<\/p>\n<p>\u201cPara el presidente Abinader primero est\u00e1 el pueblo humilde, los que menos tienen. Por eso estamos aqu\u00ed, en Enriquillo, llevando servicios esenciales, soluciones concretas y apoyo directo a quienes, administraciones pasadas, mantuvieron excluidos de la asistencia del Estado\u201d, expres\u00f3.<\/p>\n<p>&nbsp;<\/p>\n<p>Subray\u00f3 que el presidente Abinader ha dejado claro que el poder se usa para servir, y su enfoque ha sido estar al lado de la gente, resolviendo sus necesidades reales. \u201cYa no se gobierna desde una oficina, se gobierna en el terreno, escuchando y actuando\u201d, manifest\u00f3 Robert Polanco.<\/p>\n<p>&nbsp;<\/p>\n<p>La jornada benefici\u00f3 a centenares de personas con servicios de odontologia, entrega de medicamentos, afiliaci\u00f3n al Seguro Nacional de Salud (SeNaSa), asistencia para el registro de declaraci\u00f3n civil tard\u00eda, cortes de cabello, y entrega de raciones alimenticias crudas y cocinadas<\/p>\n<p>&nbsp;<\/p>\n<blockquote><p>Asimismo, entrega de canastillas y orientaci\u00f3n a mujeres embarazadas, atenci\u00f3n a adultos mayores con la inscripci\u00f3n para gesti\u00f3n de la pensi\u00f3n solidaria a quienes apliquen y entrega de medicamentos, sillas de ruedas, bastones y otros dispositivos a personas discapacitadas, entre otras ayudas y servicios.<\/p><\/blockquote>\n<p>Polanco agradeci\u00f3 el trabajo coordinado con diversas instituciones presentes en la jornada, incluyendo el Ministerio de Salud P\u00fablica, Comedores Econ\u00f3micos del Estado, SeNaSa, Consejo Nacional para las Personas Envejecientes (Conape), Consejo Nacional para las Personas Discapacitadas (Conadis), Consejo Nacional de Drogas (CND), el Ministerio de Trabajo, Promipyme, entre otras, que garantizaron servicios dignos y gratuitos durante toda la actividad.<\/p>\n<p>\u201cEstas jornadas no son eventos aislados, son parte de una pol\u00edtica p\u00fablica que busca cerrar brechas sociales. El presidente Abinader nos ha instruido a seguir llevando soluciones donde m\u00e1s se necesitan, y eso es lo que estamos haciendo\u201d, subray\u00f3 el funcionario.<\/p>\n<p>Los comunitarios beneficiados expresaron su gratitud por la atenci\u00f3n recibida, valorando que por primera vez un gobierno lleva tantos servicios de manera simult\u00e1nea y organizada al municipio. . \u201cEsta jornada demuestra que est\u00e1n pensando en nosotros, la gente del Sur profundo\u201d, dijeron l\u00edderes comunitarios presentes<\/p>\n<p>Las jornadas \u201cPrimero T\u00fa\u201d llevada a trav\u00e9s de Propeep, forman parte de la estrategia nacional de reducci\u00f3n de la pobreza y la exclusi\u00f3n social social que impulsa el gobierno dominicano.<\/p>\n<p>Durante su visita Robert Polanco estuvo acompa\u00f1ado del alcalde Eddy Delgado (Queluche), la diputada Sarah Feliz; Aurelia Sanchez, administradora del hospital municipal y otros destacados l\u00edderes comunitarios y municipales.<\/p>\n<p>*Direcci\u00f3n de Cominicaciones Propeep*<\/p>\n<p>10 de Julio 2025<\/p>\n<blockquote><p><img loading=\"lazy\" decoding=\"async\" class=\"alignnone size-medium wp-image-3638\" src=\"https:\/\/periodicolarepublica.com\/wp-content\/uploads\/2025\/07\/dZlUoEJC_400x400-300x300.jpg\" alt=\"\" width=\"300\" height=\"300\" srcset=\"https:\/\/periodicolarepublica.com\/wp-content\/uploads\/2025\/07\/dZlUoEJC_400x400-300x300.jpg 300w, https:\/\/periodicolarepublica.com\/wp-content\/uploads\/2025\/07\/dZlUoEJC_400x400-150x150.jpg 150w, https:\/\/periodicolarepublica.com\/wp-content\/uploads\/2025\/07\/dZlUoEJC_400x400.jpg 400w\" sizes=\"auto, (max-width: 300px) 100vw, 300px\" \/><\/p><\/blockquote>\n","protected":false},"excerpt":{"rendered":"<p>Cientos de personas en condiciones de vulnerabilidad fueron beneficiadas en el municipio Enriquillo, Barahona; con los servicios que ofrecen las Jornadas \u201cPrimero t\u00fa\u201d de Propeep_ *Enriquillo, Barahona*. \u2013 El director general de Proyectos Estrat\u00e9gicos y Especiales de la Presidencia (Propeep), Robert Polanco, afirm\u00f3 este jueves que el presidente Luis Abinader tiene como prioridad el bienestar [&hellip;]<\/p>\n","protected":false},"author":6,"featured_media":3638,"comment_status":"open","ping_status":"open","sticky":false,"template":"","format":"standard","meta":{"om_disable_all_campaigns":false,"_monsterinsights_skip_tracking":false,"_monsterinsights_sitenote_active":false,"_monsterinsights_sitenote_note":"","_monsterinsights_sitenote_category":0,"footnotes":""},"categories":[1],"tags":[],"class_list":{"0":"post-3655","1":"post","2":"type-post","3":"status-publish","4":"format-standard","5":"has-post-thumbnail","7":"category-nacionales"},"aioseo_notices":[],"_links":{"self":[{"href":"https:\/\/periodicolarepublica.com\/index.php\/wp-json\/wp\/v2\/posts\/3655","targetHints":{"allow":["GET"]}}],"collection":[{"href":"https:\/\/periodicolarepublica.com\/index.php\/wp-json\/wp\/v2\/posts"}],"about":[{"href":"https:\/\/periodicolarepublica.com\/index.php\/wp-json\/wp\/v2\/types\/post"}],"author":[{"embeddable":true,"href":"https:\/\/periodicolarepublica.com\/index.php\/wp-json\/wp\/v2\/users\/6"}],"replies":[{"embeddable":true,"href":"https:\/\/periodicolarepublica.com\/index.php\/wp-json\/wp\/v2\/comments?post=3655"}],"version-history":[{"count":1,"href":"https:\/\/periodicolarepublica.com\/index.php\/wp-json\/wp\/v2\/posts\/3655\/revisions"}],"predecessor-version":[{"id":3656,"href":"https:\/\/periodicolarepublica.com\/index.php\/wp-json\/wp\/v2\/posts\/3655\/revisions\/3656"}],"wp:featuredmedia":[{"embeddable":true,"href":"https:\/\/periodicolarepublica.com\/index.php\/wp-json\/wp\/v2\/media\/3638"}],"wp:attachment":[{"href":"https:\/\/periodicolarepublica.com\/index.php\/wp-json\/wp\/v2\/media?parent=3655"}],"wp:term":[{"taxonomy":"category","embeddable":true,"href":"https:\/\/periodicolarepublica.com\/index.php\/wp-json\/wp\/v2\/categories?post=3655"},{"taxonomy":"post_tag","embeddable":true,"href":"https:\/\/periodicolarepublica.com\/index.php\/wp-json\/wp\/v2\/tags?post=3655"}],"curies":[{"name":"wp","href":"https:\/\/api.w.org\/{rel}","templated":true}]}}