{"id":3657,"date":"2025-07-11T13:18:14","date_gmt":"2025-07-11T11:18:14","guid":{"rendered":"https:\/\/periodicolarepublica.com\/?p=3657"},"modified":"2025-07-11T13:18:14","modified_gmt":"2025-07-11T11:18:14","slug":"irineo-ubri-solicita-auditoria-a-candidatos-del-prm-que-busquen-la-presidencia-en-2028","status":"publish","type":"post","link":"https:\/\/periodicolarepublica.com\/index.php\/2025\/07\/11\/irineo-ubri-solicita-auditoria-a-candidatos-del-prm-que-busquen-la-presidencia-en-2028\/","title":{"rendered":"Irineo Ubr\u00ed solicita auditor\u00eda a candidatos del PRM que busquen la presidencia en 2028"},"content":{"rendered":"<p>El comunicador Irineo Ubr\u00ed hizo un llamado p\u00fablico a la C\u00e1mara de Cuentas y al presidente Luis Abinader para que se les realice una auditor\u00eda a los funcionarios del Partido Revolucionario Moderno (PRM) que aspiren a la presidencia en las elecciones del a\u00f1o 2028.<\/p>\n<p>Ubr\u00ed considera que esta medida debe aplicarse una vez estos funcionarios abandonen sus cargos para enfocarse en sus respectivas campa\u00f1as electorales. Seg\u00fan expres\u00f3, esto garantizar\u00eda mayor transparencia en el manejo de los recursos p\u00fablicos y fortalecer\u00eda la confianza ciudadana en el proceso electoral.<\/p>\n<p>\u201cEs importante que se rindan cuentas antes de asumir una candidatura presidencial, para que la poblaci\u00f3n tenga la seguridad de que no se utilizaron fondos del Estado con fines pol\u00edticos\u201d, puntualiz\u00f3 el comunicador.<\/p>\n<p>As\u00ed lo expres\u00f3 en el programa Vozz Matutina.<\/p>\n<p><img loading=\"lazy\" decoding=\"async\" class=\"alignnone size-medium wp-image-3659\" src=\"https:\/\/periodicolarepublica.com\/wp-content\/uploads\/2025\/07\/IMG_20250711_071600-e1752232648335-300x233.jpg\" alt=\"\" width=\"300\" height=\"233\" srcset=\"https:\/\/periodicolarepublica.com\/wp-content\/uploads\/2025\/07\/IMG_20250711_071600-e1752232648335-300x233.jpg 300w, https:\/\/periodicolarepublica.com\/wp-content\/uploads\/2025\/07\/IMG_20250711_071600-e1752232648335-150x117.jpg 150w, https:\/\/periodicolarepublica.com\/wp-content\/uploads\/2025\/07\/IMG_20250711_071600-e1752232648335-600x467.jpg 600w, https:\/\/periodicolarepublica.com\/wp-content\/uploads\/2025\/07\/IMG_20250711_071600-e1752232648335.jpg 640w\" sizes=\"auto, (max-width: 300px) 100vw, 300px\" \/><\/p>\n","protected":false},"excerpt":{"rendered":"<p>El comunicador Irineo Ubr\u00ed hizo un llamado p\u00fablico a la C\u00e1mara de Cuentas y al presidente Luis Abinader para que se les realice una auditor\u00eda a los funcionarios del Partido Revolucionario Moderno (PRM) que aspiren a la presidencia en las elecciones del a\u00f1o 2028. Ubr\u00ed considera que esta medida debe aplicarse una vez estos funcionarios [&hellip;]<\/p>\n","protected":false},"author":6,"featured_media":3659,"comment_status":"open","ping_status":"open","sticky":false,"template":"","format":"standard","meta":{"om_disable_all_campaigns":false,"_monsterinsights_skip_tracking":false,"_monsterinsights_sitenote_active":false,"_monsterinsights_sitenote_note":"","_monsterinsights_sitenote_category":0,"footnotes":""},"categories":[1],"tags":[],"class_list":{"0":"post-3657","1":"post","2":"type-post","3":"status-publish","4":"format-standard","5":"has-post-thumbnail","7":"category-nacionales"},"aioseo_notices":[],"_links":{"self":[{"href":"https:\/\/periodicolarepublica.com\/index.php\/wp-json\/wp\/v2\/posts\/3657","targetHints":{"allow":["GET"]}}],"collection":[{"href":"https:\/\/periodicolarepublica.com\/index.php\/wp-json\/wp\/v2\/posts"}],"about":[{"href":"https:\/\/periodicolarepublica.com\/index.php\/wp-json\/wp\/v2\/types\/post"}],"author":[{"embeddable":true,"href":"https:\/\/periodicolarepublica.com\/index.php\/wp-json\/wp\/v2\/users\/6"}],"replies":[{"embeddable":true,"href":"https:\/\/periodicolarepublica.com\/index.php\/wp-json\/wp\/v2\/comments?post=3657"}],"version-history":[{"count":1,"href":"https:\/\/periodicolarepublica.com\/index.php\/wp-json\/wp\/v2\/posts\/3657\/revisions"}],"predecessor-version":[{"id":3660,"href":"https:\/\/periodicolarepublica.com\/index.php\/wp-json\/wp\/v2\/posts\/3657\/revisions\/3660"}],"wp:featuredmedia":[{"embeddable":true,"href":"https:\/\/periodicolarepublica.com\/index.php\/wp-json\/wp\/v2\/media\/3659"}],"wp:attachment":[{"href":"https:\/\/periodicolarepublica.com\/index.php\/wp-json\/wp\/v2\/media?parent=3657"}],"wp:term":[{"taxonomy":"category","embeddable":true,"href":"https:\/\/periodicolarepublica.com\/index.php\/wp-json\/wp\/v2\/categories?post=3657"},{"taxonomy":"post_tag","embeddable":true,"href":"https:\/\/periodicolarepublica.com\/index.php\/wp-json\/wp\/v2\/tags?post=3657"}],"curies":[{"name":"wp","href":"https:\/\/api.w.org\/{rel}","templated":true}]}}