{"id":3661,"date":"2025-07-11T14:09:27","date_gmt":"2025-07-11T12:09:27","guid":{"rendered":"https:\/\/periodicolarepublica.com\/?p=3661"},"modified":"2025-07-11T14:09:27","modified_gmt":"2025-07-11T12:09:27","slug":"vicepresidenta-raquel-pena-elogia-el-trabajo-del-diputado-vicente-sanchez","status":"publish","type":"post","link":"https:\/\/periodicolarepublica.com\/index.php\/2025\/07\/11\/vicepresidenta-raquel-pena-elogia-el-trabajo-del-diputado-vicente-sanchez\/","title":{"rendered":"Vicepresidenta Raquel Pe\u00f1a elogia el trabajo del diputado Vicente S\u00e1nchez"},"content":{"rendered":"<p>Distinto Nacional. En el marco de una conferencia impartida en la Universidad Tecnol\u00f3gica del Cibao Oriental (UTECO), la vicepresidenta de la Rep\u00fablica, Raquel Pe\u00f1a reconoci\u00f3 p\u00fablicamente al diputado Vicente S\u00e1nchez como un referente del relevo generacional responsable en la pol\u00edtica dominicana.<\/p>\n<p>&nbsp;<\/p>\n<p>La actividad, centrada en los aportes y avances de la provincia S\u00e1nchez Ram\u00edrez, reuni\u00f3 a estudiantes, autoridades acad\u00e9micas y l\u00edderes comunitarios. Durante su intervenci\u00f3n, Pe\u00f1a dedic\u00f3 un emotivo mensaje al joven legislador, resaltando su rol como defensor de los intereses ciudadanos desde el Congreso Nacional.<\/p>\n<p>&nbsp;<\/p>\n<p>Raquel Pe\u00f1a expres\u00f3 lo siguiente: \u201cVicentico es como un hijo m\u00edo porque est\u00e1 en la pol\u00edtica y est\u00e1 haciendo un ejemplo de relevo responsable ante todo lo temas y proyectos de ley que \u00e9l pueda defender y proponer en la c\u00e1mara de diputado\u201d precis\u00f3 la vicepresidenta.<\/p>\n<p>&nbsp;<\/p>\n<p>Vicente S\u00e1nchez Henr\u00edquez, de 26 a\u00f1os de edad, por el<\/p>\n<p>Partido Revolucionario Moderno (PRM) es el legislador m\u00e1s joven de todos los partidos pol\u00edticos que formalizaron sus aspiraciones en procura de alcanzar una curul en la C\u00e1mara Baja.<img loading=\"lazy\" decoding=\"async\" class=\"size-medium wp-image-3663 alignright\" src=\"https:\/\/periodicolarepublica.com\/wp-content\/uploads\/2025\/07\/IMG-20250711-WA0079-e1752235750825-300x183.jpg\" alt=\"\" width=\"300\" height=\"183\" srcset=\"https:\/\/periodicolarepublica.com\/wp-content\/uploads\/2025\/07\/IMG-20250711-WA0079-e1752235750825-300x183.jpg?v=1752235730 300w, https:\/\/periodicolarepublica.com\/wp-content\/uploads\/2025\/07\/IMG-20250711-WA0079-e1752235750825-150x92.jpg?v=1752235730 150w, https:\/\/periodicolarepublica.com\/wp-content\/uploads\/2025\/07\/IMG-20250711-WA0079-e1752235750825-600x366.jpg?v=1752235730 600w, https:\/\/periodicolarepublica.com\/wp-content\/uploads\/2025\/07\/IMG-20250711-WA0079-e1752235750825.jpg?v=1752235730 660w\" sizes=\"auto, (max-width: 300px) 100vw, 300px\" \/><\/p>\n","protected":false},"excerpt":{"rendered":"<p>Distinto Nacional. En el marco de una conferencia impartida en la Universidad Tecnol\u00f3gica del Cibao Oriental (UTECO), la vicepresidenta de la Rep\u00fablica, Raquel Pe\u00f1a reconoci\u00f3 p\u00fablicamente al diputado Vicente S\u00e1nchez como un referente del relevo generacional responsable en la pol\u00edtica dominicana. &nbsp; La actividad, centrada en los aportes y avances de la provincia S\u00e1nchez Ram\u00edrez, [&hellip;]<\/p>\n","protected":false},"author":10,"featured_media":3663,"comment_status":"open","ping_status":"open","sticky":false,"template":"","format":"standard","meta":{"om_disable_all_campaigns":false,"_monsterinsights_skip_tracking":false,"_monsterinsights_sitenote_active":false,"_monsterinsights_sitenote_note":"","_monsterinsights_sitenote_category":0,"footnotes":""},"categories":[1],"tags":[],"class_list":{"0":"post-3661","1":"post","2":"type-post","3":"status-publish","4":"format-standard","5":"has-post-thumbnail","7":"category-nacionales"},"aioseo_notices":[],"_links":{"self":[{"href":"https:\/\/periodicolarepublica.com\/index.php\/wp-json\/wp\/v2\/posts\/3661","targetHints":{"allow":["GET"]}}],"collection":[{"href":"https:\/\/periodicolarepublica.com\/index.php\/wp-json\/wp\/v2\/posts"}],"about":[{"href":"https:\/\/periodicolarepublica.com\/index.php\/wp-json\/wp\/v2\/types\/post"}],"author":[{"embeddable":true,"href":"https:\/\/periodicolarepublica.com\/index.php\/wp-json\/wp\/v2\/users\/10"}],"replies":[{"embeddable":true,"href":"https:\/\/periodicolarepublica.com\/index.php\/wp-json\/wp\/v2\/comments?post=3661"}],"version-history":[{"count":1,"href":"https:\/\/periodicolarepublica.com\/index.php\/wp-json\/wp\/v2\/posts\/3661\/revisions"}],"predecessor-version":[{"id":3664,"href":"https:\/\/periodicolarepublica.com\/index.php\/wp-json\/wp\/v2\/posts\/3661\/revisions\/3664"}],"wp:featuredmedia":[{"embeddable":true,"href":"https:\/\/periodicolarepublica.com\/index.php\/wp-json\/wp\/v2\/media\/3663"}],"wp:attachment":[{"href":"https:\/\/periodicolarepublica.com\/index.php\/wp-json\/wp\/v2\/media?parent=3661"}],"wp:term":[{"taxonomy":"category","embeddable":true,"href":"https:\/\/periodicolarepublica.com\/index.php\/wp-json\/wp\/v2\/categories?post=3661"},{"taxonomy":"post_tag","embeddable":true,"href":"https:\/\/periodicolarepublica.com\/index.php\/wp-json\/wp\/v2\/tags?post=3661"}],"curies":[{"name":"wp","href":"https:\/\/api.w.org\/{rel}","templated":true}]}}