{"id":3665,"date":"2025-07-12T01:05:16","date_gmt":"2025-07-11T23:05:16","guid":{"rendered":"https:\/\/periodicolarepublica.com\/?p=3665"},"modified":"2025-07-12T01:05:16","modified_gmt":"2025-07-11T23:05:16","slug":"tomas-hernandez-alberto-abinader-defiende-lo-nuestro-amnistia-que-mire-hacia-haiti","status":"publish","type":"post","link":"https:\/\/periodicolarepublica.com\/index.php\/2025\/07\/12\/tomas-hernandez-alberto-abinader-defiende-lo-nuestro-amnistia-que-mire-hacia-haiti\/","title":{"rendered":"Tom\u00e1s Hern\u00e1ndez Alberto Abinader defiende lo nuestro, Amnist\u00eda que mire hacia Hait\u00ed"},"content":{"rendered":"<p>Santo Domingo, R.D. \u2013 El ingeniero Tom\u00e1s Hern\u00e1ndez Alberto expres\u00f3 su respaldo absoluto y su m\u00e1s alta valoraci\u00f3n al presidente Luis Abinader, por su firme y valiente respuesta ante los se\u00f1alamientos de Amnist\u00eda Internacional sobre la pol\u00edtica migratoria de la Rep\u00fablica Dominicana.<\/p>\n<p>&nbsp;<\/p>\n<p>Hern\u00e1ndez Alberto calific\u00f3 como ejemplar la actitud del mandatario, al defender sin titubeos la soberan\u00eda nacional, las leyes dominicanas y el derecho leg\u00edtimo del pa\u00eds a proteger sus fronteras. \u201cEl presidente Abinader ha demostrado, una vez m\u00e1s, que es un l\u00edder comprometido con su pueblo, que no se deja presionar por agendas externas que desconocen la realidad que vivimos\u201d, afirm\u00f3.<\/p>\n<p>&nbsp;<\/p>\n<p>\u201cMientras Amnist\u00eda Internacional guarda silencio ante el caos, las bandas armadas y la tragedia humanitaria que azotan a Hait\u00ed, pretende juzgar a la Rep\u00fablica Dominicana por ejercer su derecho a la seguridad. Eso es inaceptable. Amnist\u00eda no tiene ni autoridad ni calidad moral para se\u00f1alar a nuestro pa\u00eds\u201d, enfatiz\u00f3.<\/p>\n<p>&nbsp;<\/p>\n<p>El ingeniero sostuvo que el pueblo dominicano est\u00e1 con su presidente, quien ha levantado la voz con dignidad, exigiendo a la comunidad internacional acciones concretas frente a la crisis haitiana. \u201cAbinader ha sido coherente durante m\u00e1s de tres a\u00f1os, advirtiendo que la situaci\u00f3n en Hait\u00ed representa una amenaza regional. Y ahora que ha tomado medidas firmes, lo critican quienes nunca han hecho nada\u201d, agreg\u00f3.<\/p>\n<p>&nbsp;<\/p>\n<p>Tom\u00e1s Hern\u00e1ndez Alberto concluy\u00f3 afirmando que Rep\u00fablica Dominicana tiene un presidente que act\u00faa con responsabilidad, patriotismo y visi\u00f3n de Estado. \u201cLuis Abinader est\u00e1 haciendo historia, defendiendo a su naci\u00f3n con car\u00e1cter, con principios y con profundo amor por la patria. Los dominicanos de bien lo respaldamos con orgullo.\u201d<img loading=\"lazy\" decoding=\"async\" class=\"size-medium wp-image-3297 alignright\" src=\"https:\/\/periodicolarepublica.com\/wp-content\/uploads\/2025\/05\/IMG_20250516_084326-300x184.jpg\" alt=\"\" width=\"300\" height=\"184\" srcset=\"https:\/\/periodicolarepublica.com\/wp-content\/uploads\/2025\/05\/IMG_20250516_084326-300x184.jpg?v=1747404734 300w, https:\/\/periodicolarepublica.com\/wp-content\/uploads\/2025\/05\/IMG_20250516_084326-768x472.jpg?v=1747404734 768w, https:\/\/periodicolarepublica.com\/wp-content\/uploads\/2025\/05\/IMG_20250516_084326-150x92.jpg?v=1747404734 150w, https:\/\/periodicolarepublica.com\/wp-content\/uploads\/2025\/05\/IMG_20250516_084326-600x368.jpg?v=1747404734 600w, https:\/\/periodicolarepublica.com\/wp-content\/uploads\/2025\/05\/IMG_20250516_084326-696x427.jpg?v=1747404734 696w, https:\/\/periodicolarepublica.com\/wp-content\/uploads\/2025\/05\/IMG_20250516_084326.jpg?v=1747404734 961w\" sizes=\"auto, (max-width: 300px) 100vw, 300px\" \/><\/p>\n","protected":false},"excerpt":{"rendered":"<p>Santo Domingo, R.D. \u2013 El ingeniero Tom\u00e1s Hern\u00e1ndez Alberto expres\u00f3 su respaldo absoluto y su m\u00e1s alta valoraci\u00f3n al presidente Luis Abinader, por su firme y valiente respuesta ante los se\u00f1alamientos de Amnist\u00eda Internacional sobre la pol\u00edtica migratoria de la Rep\u00fablica Dominicana. &nbsp; Hern\u00e1ndez Alberto calific\u00f3 como ejemplar la actitud del mandatario, al defender sin [&hellip;]<\/p>\n","protected":false},"author":10,"featured_media":3297,"comment_status":"open","ping_status":"open","sticky":false,"template":"","format":"standard","meta":{"om_disable_all_campaigns":false,"_monsterinsights_skip_tracking":false,"_monsterinsights_sitenote_active":false,"_monsterinsights_sitenote_note":"","_monsterinsights_sitenote_category":0,"footnotes":""},"categories":[1],"tags":[163],"class_list":{"0":"post-3665","1":"post","2":"type-post","3":"status-publish","4":"format-standard","5":"has-post-thumbnail","7":"category-nacionales","8":"tag-tomas-hernandez-alberto"},"aioseo_notices":[],"_links":{"self":[{"href":"https:\/\/periodicolarepublica.com\/index.php\/wp-json\/wp\/v2\/posts\/3665","targetHints":{"allow":["GET"]}}],"collection":[{"href":"https:\/\/periodicolarepublica.com\/index.php\/wp-json\/wp\/v2\/posts"}],"about":[{"href":"https:\/\/periodicolarepublica.com\/index.php\/wp-json\/wp\/v2\/types\/post"}],"author":[{"embeddable":true,"href":"https:\/\/periodicolarepublica.com\/index.php\/wp-json\/wp\/v2\/users\/10"}],"replies":[{"embeddable":true,"href":"https:\/\/periodicolarepublica.com\/index.php\/wp-json\/wp\/v2\/comments?post=3665"}],"version-history":[{"count":1,"href":"https:\/\/periodicolarepublica.com\/index.php\/wp-json\/wp\/v2\/posts\/3665\/revisions"}],"predecessor-version":[{"id":3666,"href":"https:\/\/periodicolarepublica.com\/index.php\/wp-json\/wp\/v2\/posts\/3665\/revisions\/3666"}],"wp:featuredmedia":[{"embeddable":true,"href":"https:\/\/periodicolarepublica.com\/index.php\/wp-json\/wp\/v2\/media\/3297"}],"wp:attachment":[{"href":"https:\/\/periodicolarepublica.com\/index.php\/wp-json\/wp\/v2\/media?parent=3665"}],"wp:term":[{"taxonomy":"category","embeddable":true,"href":"https:\/\/periodicolarepublica.com\/index.php\/wp-json\/wp\/v2\/categories?post=3665"},{"taxonomy":"post_tag","embeddable":true,"href":"https:\/\/periodicolarepublica.com\/index.php\/wp-json\/wp\/v2\/tags?post=3665"}],"curies":[{"name":"wp","href":"https:\/\/api.w.org\/{rel}","templated":true}]}}