{"id":367,"date":"2024-02-08T04:23:57","date_gmt":"2024-02-08T03:23:57","guid":{"rendered":"https:\/\/periodicolarepublica.com\/?p=367"},"modified":"2024-02-08T04:23:57","modified_gmt":"2024-02-08T03:23:57","slug":"aerolinea-skyhigh-inicia-programa-de-formacion-con-tep-pucmm","status":"publish","type":"post","link":"https:\/\/periodicolarepublica.com\/index.php\/2024\/02\/08\/aerolinea-skyhigh-inicia-programa-de-formacion-con-tep-pucmm\/","title":{"rendered":"Aerol\u00ednea SkyHigh inicia programa de formaci\u00f3n con TEP PUCMM"},"content":{"rendered":"<p><img loading=\"lazy\" decoding=\"async\" class=\"alignnone size-medium wp-image-368\" src=\"https:\/\/periodicolarepublica.com\/wp-content\/uploads\/2024\/02\/Picsart_24-02-07_23-09-35-702-300x158.jpg\" alt=\"\" width=\"300\" height=\"158\" srcset=\"https:\/\/periodicolarepublica.com\/wp-content\/uploads\/2024\/02\/Picsart_24-02-07_23-09-35-702-300x158.jpg?v=1715379820 300w, https:\/\/periodicolarepublica.com\/wp-content\/uploads\/2024\/02\/Picsart_24-02-07_23-09-35-702-1024x538.jpg?v=1715379820 1024w, https:\/\/periodicolarepublica.com\/wp-content\/uploads\/2024\/02\/Picsart_24-02-07_23-09-35-702-768x403.jpg?v=1715379820 768w, https:\/\/periodicolarepublica.com\/wp-content\/uploads\/2024\/02\/Picsart_24-02-07_23-09-35-702-1536x807.jpg?v=1715379820 1536w, https:\/\/periodicolarepublica.com\/wp-content\/uploads\/2024\/02\/Picsart_24-02-07_23-09-35-702-2048x1075.jpg?v=1715379820 2048w, https:\/\/periodicolarepublica.com\/wp-content\/uploads\/2024\/02\/Picsart_24-02-07_23-09-35-702-150x79.jpg?v=1715379820 150w, https:\/\/periodicolarepublica.com\/wp-content\/uploads\/2024\/02\/Picsart_24-02-07_23-09-35-702-600x315.jpg?v=1715379820 600w, https:\/\/periodicolarepublica.com\/wp-content\/uploads\/2024\/02\/Picsart_24-02-07_23-09-35-702-696x365.jpg?v=1715379820 696w, https:\/\/periodicolarepublica.com\/wp-content\/uploads\/2024\/02\/Picsart_24-02-07_23-09-35-702-1392x731.jpg?v=1715379820 1392w, https:\/\/periodicolarepublica.com\/wp-content\/uploads\/2024\/02\/Picsart_24-02-07_23-09-35-702-1068x561.jpg?v=1715379820 1068w, https:\/\/periodicolarepublica.com\/wp-content\/uploads\/2024\/02\/Picsart_24-02-07_23-09-35-702-1920x1008.jpg?v=1715379820 1920w\" sizes=\"auto, (max-width: 300px) 100vw, 300px\" \/><\/p>\n<p>La aerol\u00ednea SkyHigh Dominicana, realiz\u00f3 el lanzamiento oficial de SkyHigh Academy, un programa de formaci\u00f3n especializada en aeron\u00e1utica civil; en alianza con el Centro de Tecnolog\u00eda y Educaci\u00f3n Permanente (TEP) PUCMM.<\/p>\n<p>El evento de inauguraci\u00f3n tuvo lugar el martes 6 de febrero en las instalaciones de la PUCMM y cont\u00f3 con la presencia de los miembros del TEP PUCMM: Belmarys Rodr\u00edguez, Directora General (TEP PUCMM), Isabel De La Rocha, Directora Acad\u00e9mica (TEP PUCMM) y Marin\u00e9s Vel\u00e1zquez Crespo, Gerente Comercial y Comunicaciones (TEP PUCMM), en representaci\u00f3n de SkyHigh Dominicana la Sra. Cesarina Beauchamp, Vicepresidenta Ejecutiva, la Sra. Lourdes Nivar, Gerente de Experiencia del Cliente, ejecutivos y colaboradores de la aerol\u00ednea, as\u00ed como destacados miembros de la comunidad aeron\u00e1utica.<\/p>\n<p>Durante el discurso de apertura, la Vicepresidenta de SkyHigh Dominicana, Cesarina Beauchamp, expres\u00f3 su alegr\u00eda por el lanzamiento de la academia y destac\u00f3 el compromiso de SkyHigh Dominicana con el desarrollo personal y profesional de sus colaboradores y potenciales profesionales. \u201cSkyHigh Academy se ha creado pensado por y para ustedes, donde la innovaci\u00f3n, el conocimiento y las habilidades se fusionan, permitiendo a cada colaborador alcanzar su m\u00e1ximo potencial. Les prometemos una experiencia que rebasa las aulas, generando un ambiente de aprendizaje continuo que nos impulsar\u00e1 hacia adelante, juntos\u201d.<\/p>\n<p>\u201cComo aerol\u00ednea dominicana, aspiramos a formar en los aspectos aeron\u00e1uticos a ingenieros industriales, donde pueden adquirir las herramientas t\u00e9cnicas con el fin de buscar soluciones \u00f3ptimas para la conectividad y estudios de tiempo. En el \u00e1rea financiera, la gesti\u00f3n de costos e ingresos (Yield) donde inteligentemente se dise\u00f1an estrategias o mapas de precios, para medir la rentabilidad de las rutas y auditorias de servicio; Ingenieros telem\u00e1ticos, mec\u00e1nicos y el\u00e9ctricos, donde pueden adquirir destrezas en tierra para salida de los vuelos a tiempo, despacho de los pasajeros en el counter, manejo de rampa y posibles t\u00e9cnicos mec\u00e1nicos, tambi\u00e9n en otras \u00e1reas como ciencias de la computaci\u00f3n, administradores, mercad\u00f3logos, creativos, para el dise\u00f1o y estrategias de Branding y posicionamiento comercial; y para estudiantes egresados de todas las facultades, los cuales tendr\u00e1n la experiencia de los procesos en una l\u00ednea \u00e1rea, aprendiendo lo que hay detr\u00e1s de un ticket a\u00e9reo o asiento de avi\u00f3n\u201d.<\/p>\n<p>&nbsp;<\/p>\n<p>&nbsp;<\/p>\n","protected":false},"excerpt":{"rendered":"<p>La aerol\u00ednea SkyHigh Dominicana, realiz\u00f3 el lanzamiento oficial de SkyHigh Academy, un programa de formaci\u00f3n especializada en aeron\u00e1utica civil; en alianza con el Centro de Tecnolog\u00eda y Educaci\u00f3n Permanente (TEP) PUCMM. El evento de inauguraci\u00f3n tuvo lugar el martes 6 de febrero en las instalaciones de la PUCMM y cont\u00f3 con la presencia de los [&hellip;]<\/p>\n","protected":false},"author":1,"featured_media":368,"comment_status":"open","ping_status":"open","sticky":false,"template":"","format":"standard","meta":{"om_disable_all_campaigns":false,"_monsterinsights_skip_tracking":false,"_monsterinsights_sitenote_active":false,"_monsterinsights_sitenote_note":"","_monsterinsights_sitenote_category":0,"footnotes":""},"categories":[20],"tags":[98,96,99,97,100],"class_list":{"0":"post-367","1":"post","2":"type-post","3":"status-publish","4":"format-standard","5":"has-post-thumbnail","7":"category-turismo","8":"tag-academia","9":"tag-avion","10":"tag-becas","11":"tag-skyhigh","12":"tag-universidad"},"aioseo_notices":[],"_links":{"self":[{"href":"https:\/\/periodicolarepublica.com\/index.php\/wp-json\/wp\/v2\/posts\/367","targetHints":{"allow":["GET"]}}],"collection":[{"href":"https:\/\/periodicolarepublica.com\/index.php\/wp-json\/wp\/v2\/posts"}],"about":[{"href":"https:\/\/periodicolarepublica.com\/index.php\/wp-json\/wp\/v2\/types\/post"}],"author":[{"embeddable":true,"href":"https:\/\/periodicolarepublica.com\/index.php\/wp-json\/wp\/v2\/users\/1"}],"replies":[{"embeddable":true,"href":"https:\/\/periodicolarepublica.com\/index.php\/wp-json\/wp\/v2\/comments?post=367"}],"version-history":[{"count":1,"href":"https:\/\/periodicolarepublica.com\/index.php\/wp-json\/wp\/v2\/posts\/367\/revisions"}],"predecessor-version":[{"id":369,"href":"https:\/\/periodicolarepublica.com\/index.php\/wp-json\/wp\/v2\/posts\/367\/revisions\/369"}],"wp:featuredmedia":[{"embeddable":true,"href":"https:\/\/periodicolarepublica.com\/index.php\/wp-json\/wp\/v2\/media\/368"}],"wp:attachment":[{"href":"https:\/\/periodicolarepublica.com\/index.php\/wp-json\/wp\/v2\/media?parent=367"}],"wp:term":[{"taxonomy":"category","embeddable":true,"href":"https:\/\/periodicolarepublica.com\/index.php\/wp-json\/wp\/v2\/categories?post=367"},{"taxonomy":"post_tag","embeddable":true,"href":"https:\/\/periodicolarepublica.com\/index.php\/wp-json\/wp\/v2\/tags?post=367"}],"curies":[{"name":"wp","href":"https:\/\/api.w.org\/{rel}","templated":true}]}}