{"id":3672,"date":"2025-07-12T13:31:55","date_gmt":"2025-07-12T11:31:55","guid":{"rendered":"https:\/\/periodicolarepublica.com\/?p=3672"},"modified":"2025-07-12T13:31:55","modified_gmt":"2025-07-12T11:31:55","slug":"digesett-e-intrant-estrenan-carril-en-la-ortega-y-gasset-para-mejorar-la-movilidad","status":"publish","type":"post","link":"https:\/\/periodicolarepublica.com\/index.php\/2025\/07\/12\/digesett-e-intrant-estrenan-carril-en-la-ortega-y-gasset-para-mejorar-la-movilidad\/","title":{"rendered":"DIGESETT e INTRANT estrenan carril en la Ortega y Gasset para mejorar la movilidad"},"content":{"rendered":"<p>*Tramo intervenido: Entre la avenida Gustavo Mej\u00eda Ricart y la calle Padre Fantino Falco.*<\/p>\n<p>La Direcci\u00f3n General de Seguridad de Tr\u00e1nsito y Transporte Terrestre (DIGESETT), en coordinaci\u00f3n con el Instituto Nacional de Tr\u00e1nsito y Transporte Terrestre (INTRANT), estren\u00f3 un nuevo carril en la avenida Ortega y Gasset, espec\u00edficamente en el tramo comprendido entre la avenida Gustavo Mej\u00eda Ricart y la calle Padre Fantino Falco, con el objetivo de mejorar la movilidad y reducir la congesti\u00f3n vehicular en esta importante v\u00eda del Distrito Nacional.<\/p>\n<p>Esta intervenci\u00f3n forma parte de las estrategias integradas que ejecutan ambas instituciones para dar cumplimiento a las pol\u00edticas p\u00fablicas de movilidad sostenible impulsadas por el Gobierno dominicano. La medida consiste en incrementar el n\u00famero de carriles operativos, lo que permitir\u00e1 una circulaci\u00f3n m\u00e1s fluida y una mejora significativa en el flujo vehicular.<\/p>\n<p>El director de la DIGESETT, general Pascual Cruz M\u00e9ndez, P.N., destac\u00f3 que esta acci\u00f3n responde a las necesidades de una ciudad en constante crecimiento, priorizando la funcionalidad del espacio p\u00fablico y el ordenamiento del tr\u00e1nsito. Se\u00f1al\u00f3 adem\u00e1s que este tipo de medidas son fruto del trabajo conjunto con el INTRANT y del compromiso institucional con la ciudadan\u00eda.<\/p>\n<p>\u201cCon este reordenamiento no solo se incrementa la capacidad vial de una de las principales arterias del centro urbano, sino que tambi\u00e9n se impacta positivamente la movilidad de miles de conductores y peatones que transitan diariamente por esta zona\u201d, expres\u00f3 el general Cruz M\u00e9ndez.<\/p>\n<p>Durante la ejecuci\u00f3n del operativo, agentes de la DIGESETT estuvieron presentes para orientar a los conductores, garantizar el cumplimiento de las nuevas disposiciones y facilitar la adaptaci\u00f3n de los usuarios al nuevo esquema de circulaci\u00f3n. Asimismo, se realizaron labores de supervisi\u00f3n y levantamiento t\u00e9cnico para asegurar que la adecuaci\u00f3n vial se mantenga conforme a los est\u00e1ndares establecidos<\/p>\n<p>*Departamento de Comunicaciones DIGESETT*<\/p>\n<p><img loading=\"lazy\" decoding=\"async\" class=\"alignnone size-medium wp-image-3582 alignleft\" src=\"https:\/\/periodicolarepublica.com\/wp-content\/uploads\/2025\/07\/Logo-DIGESETT-01-e1751805945148-300x238.jpg\" alt=\"\" width=\"300\" height=\"238\" srcset=\"https:\/\/periodicolarepublica.com\/wp-content\/uploads\/2025\/07\/Logo-DIGESETT-01-e1751805945148-300x238.jpg 300w, https:\/\/periodicolarepublica.com\/wp-content\/uploads\/2025\/07\/Logo-DIGESETT-01-e1751805945148-150x119.jpg 150w, https:\/\/periodicolarepublica.com\/wp-content\/uploads\/2025\/07\/Logo-DIGESETT-01-e1751805945148.jpg 324w\" sizes=\"auto, (max-width: 300px) 100vw, 300px\" \/><\/p>\n","protected":false},"excerpt":{"rendered":"<p>*Tramo intervenido: Entre la avenida Gustavo Mej\u00eda Ricart y la calle Padre Fantino Falco.* La Direcci\u00f3n General de Seguridad de Tr\u00e1nsito y Transporte Terrestre (DIGESETT), en coordinaci\u00f3n con el Instituto Nacional de Tr\u00e1nsito y Transporte Terrestre (INTRANT), estren\u00f3 un nuevo carril en la avenida Ortega y Gasset, espec\u00edficamente en el tramo comprendido entre la avenida [&hellip;]<\/p>\n","protected":false},"author":6,"featured_media":3582,"comment_status":"open","ping_status":"open","sticky":false,"template":"","format":"standard","meta":{"om_disable_all_campaigns":false,"_monsterinsights_skip_tracking":false,"_monsterinsights_sitenote_active":false,"_monsterinsights_sitenote_note":"","_monsterinsights_sitenote_category":0,"footnotes":""},"categories":[1],"tags":[427,425,426],"class_list":{"0":"post-3672","1":"post","2":"type-post","3":"status-publish","4":"format-standard","5":"has-post-thumbnail","7":"category-nacionales","8":"tag-amet","9":"tag-digesett","10":"tag-digesset"},"aioseo_notices":[],"_links":{"self":[{"href":"https:\/\/periodicolarepublica.com\/index.php\/wp-json\/wp\/v2\/posts\/3672","targetHints":{"allow":["GET"]}}],"collection":[{"href":"https:\/\/periodicolarepublica.com\/index.php\/wp-json\/wp\/v2\/posts"}],"about":[{"href":"https:\/\/periodicolarepublica.com\/index.php\/wp-json\/wp\/v2\/types\/post"}],"author":[{"embeddable":true,"href":"https:\/\/periodicolarepublica.com\/index.php\/wp-json\/wp\/v2\/users\/6"}],"replies":[{"embeddable":true,"href":"https:\/\/periodicolarepublica.com\/index.php\/wp-json\/wp\/v2\/comments?post=3672"}],"version-history":[{"count":2,"href":"https:\/\/periodicolarepublica.com\/index.php\/wp-json\/wp\/v2\/posts\/3672\/revisions"}],"predecessor-version":[{"id":3674,"href":"https:\/\/periodicolarepublica.com\/index.php\/wp-json\/wp\/v2\/posts\/3672\/revisions\/3674"}],"wp:featuredmedia":[{"embeddable":true,"href":"https:\/\/periodicolarepublica.com\/index.php\/wp-json\/wp\/v2\/media\/3582"}],"wp:attachment":[{"href":"https:\/\/periodicolarepublica.com\/index.php\/wp-json\/wp\/v2\/media?parent=3672"}],"wp:term":[{"taxonomy":"category","embeddable":true,"href":"https:\/\/periodicolarepublica.com\/index.php\/wp-json\/wp\/v2\/categories?post=3672"},{"taxonomy":"post_tag","embeddable":true,"href":"https:\/\/periodicolarepublica.com\/index.php\/wp-json\/wp\/v2\/tags?post=3672"}],"curies":[{"name":"wp","href":"https:\/\/api.w.org\/{rel}","templated":true}]}}