{"id":3675,"date":"2025-07-12T15:11:27","date_gmt":"2025-07-12T13:11:27","guid":{"rendered":"https:\/\/periodicolarepublica.com\/?p=3675"},"modified":"2025-07-12T15:11:27","modified_gmt":"2025-07-12T13:11:27","slug":"alcaldia-inaugura-juegos-deportivos-adn-2025","status":"publish","type":"post","link":"https:\/\/periodicolarepublica.com\/index.php\/2025\/07\/12\/alcaldia-inaugura-juegos-deportivos-adn-2025\/","title":{"rendered":"Alcald\u00eda inaugura Juegos Deportivos ADN 2025"},"content":{"rendered":"<p>La competici\u00f3n representa los valores, el compromiso y la sinergia que identifican al cabildo<\/p>\n<p>Santo Domingo, DN &#8211; La Alcald\u00eda del Distrito Nacional inaugur\u00f3 este viernes sus Juegos Deportivos ADN 2025, donde competir\u00e1n cuatro equipos conformados por colaboradores del cabildo.<\/p>\n<p>&nbsp;<\/p>\n<p>El acto, celebrado en el Club San L\u00e1zaro, cont\u00f3 con la presencia de autoridades municipales y colaboradores de la alcald\u00eda que fueron a apoyar a sus respectivos equipos.<\/p>\n<p>&nbsp;<\/p>\n<p>El director de Gesti\u00f3n Humana, Luis Veras, motiv\u00f3 a los colaboradores a participar en armon\u00eda, con esfuerzo y pasi\u00f3n, impulsando la confraternidad y dando lo mejor por sus conjuntos. \u201cEstos juegos son mucho m\u00e1s que medallas y trofeos como pueden observar, son los valores, el compromiso y la sinergia que nos identifican como instituci\u00f3n de servicios\u201d.<\/p>\n<p>&nbsp;<\/p>\n<p>Veras revel\u00f3 que en esta ocasi\u00f3n se escoger\u00e1n a l\u00edderes o lideresas de cada disciplina para ser nombrados como jugadores m\u00e1s valiosos. Para esto, los seleccionados deber\u00e1n tener impacto en el resultado de los partidos, liderazgo de trabajo en equipo y compromiso con la disciplina en el desarrollo de las competencias.<\/p>\n<p>Durante la inauguraci\u00f3n la parte art\u00edstica estuvo encabezada por la participaci\u00f3n del Symphony Circus, el grupo de baile Da\u00b4 Republik y el Ballet Folcl\u00f3rico de la alcald\u00eda, captando la atenci\u00f3n y provocando los aplausos de los asistentes.<\/p>\n<p>La mesa de honor del ayuntamiento estuvo integrada por Elizabeth Mateo, secretaria general; Sina del Rosario, secretaria t\u00e9cnica; Yovany Moya, presidente del Concejo de Regidores; Luis Veras, director de Gesti\u00f3n Humana; general Jos\u00e9 Luis Fr\u00f3meta Herasme, intendente del Cuerpo de Bomberos DN; Mar\u00eda Garc\u00eda, encargada del Departamento de Deportes; y el regidor Junior \u201cNuno\u201d Castillo.<\/p>\n<p>El saque de honor fue efectuado por Elizabeth Mateo y Yovany Moya, mientras que la atleta ol\u00edmpica Mar\u00eda Garc\u00eda les tom\u00f3 el juramento a los jugadores y encendi\u00f3 la llama deportiva.<\/p>\n<p>Los colaboradores est\u00e1n agrupados en conjuntos que jugar\u00e1n en las disciplinas: voleibol, baloncesto, softbol, ajedrez, domin\u00f3, caminata, bote y tenis.<\/p>\n<p>Los conjuntos que se disputar\u00e1n la primac\u00eda son: Monumento Fray Antonio de Montesinos (amarillo), Pabell\u00f3n de las Naciones (rojo), Palacio Municipal (azul) y Palacio Consistorial (blanco).<\/p>\n<p>Los juegos se extender\u00e1n hasta mediados de agosto y procuran unir a trav\u00e9s del deporte a cada uno de los colaboradores del ADN, fortaleciendo y promoviendo la confraternidad.<\/p>\n<p>El calendario incluye 48 partidas regulares, a las cuales se sumar\u00e1n ocho encuentros de semifinales y otros ocho finales, totalizando 64 jornadas.<\/p>\n<p>En 2024 el equipo Monumento Montesinos se coron\u00f3 como campe\u00f3n de esa edici\u00f3n de la competici\u00f3n interna de la Alcald\u00eda del Distrito Nacional.<\/p>\n<p><img loading=\"lazy\" decoding=\"async\" class=\"alignnone size-medium wp-image-3653\" src=\"https:\/\/periodicolarepublica.com\/wp-content\/uploads\/2025\/07\/images-24-300x114.jpeg\" alt=\"\" width=\"300\" height=\"114\" srcset=\"https:\/\/periodicolarepublica.com\/wp-content\/uploads\/2025\/07\/images-24-300x114.jpeg 300w, https:\/\/periodicolarepublica.com\/wp-content\/uploads\/2025\/07\/images-24-150x57.jpeg 150w, https:\/\/periodicolarepublica.com\/wp-content\/uploads\/2025\/07\/images-24.jpeg 363w\" sizes=\"auto, (max-width: 300px) 100vw, 300px\" \/><\/p>\n","protected":false},"excerpt":{"rendered":"<p>La competici\u00f3n representa los valores, el compromiso y la sinergia que identifican al cabildo Santo Domingo, DN &#8211; La Alcald\u00eda del Distrito Nacional inaugur\u00f3 este viernes sus Juegos Deportivos ADN 2025, donde competir\u00e1n cuatro equipos conformados por colaboradores del cabildo. &nbsp; El acto, celebrado en el Club San L\u00e1zaro, cont\u00f3 con la presencia de autoridades [&hellip;]<\/p>\n","protected":false},"author":6,"featured_media":3653,"comment_status":"open","ping_status":"open","sticky":false,"template":"","format":"standard","meta":{"om_disable_all_campaigns":false,"_monsterinsights_skip_tracking":false,"_monsterinsights_sitenote_active":false,"_monsterinsights_sitenote_note":"","_monsterinsights_sitenote_category":0,"footnotes":""},"categories":[1],"tags":[],"class_list":{"0":"post-3675","1":"post","2":"type-post","3":"status-publish","4":"format-standard","5":"has-post-thumbnail","7":"category-nacionales"},"aioseo_notices":[],"_links":{"self":[{"href":"https:\/\/periodicolarepublica.com\/index.php\/wp-json\/wp\/v2\/posts\/3675","targetHints":{"allow":["GET"]}}],"collection":[{"href":"https:\/\/periodicolarepublica.com\/index.php\/wp-json\/wp\/v2\/posts"}],"about":[{"href":"https:\/\/periodicolarepublica.com\/index.php\/wp-json\/wp\/v2\/types\/post"}],"author":[{"embeddable":true,"href":"https:\/\/periodicolarepublica.com\/index.php\/wp-json\/wp\/v2\/users\/6"}],"replies":[{"embeddable":true,"href":"https:\/\/periodicolarepublica.com\/index.php\/wp-json\/wp\/v2\/comments?post=3675"}],"version-history":[{"count":1,"href":"https:\/\/periodicolarepublica.com\/index.php\/wp-json\/wp\/v2\/posts\/3675\/revisions"}],"predecessor-version":[{"id":3676,"href":"https:\/\/periodicolarepublica.com\/index.php\/wp-json\/wp\/v2\/posts\/3675\/revisions\/3676"}],"wp:featuredmedia":[{"embeddable":true,"href":"https:\/\/periodicolarepublica.com\/index.php\/wp-json\/wp\/v2\/media\/3653"}],"wp:attachment":[{"href":"https:\/\/periodicolarepublica.com\/index.php\/wp-json\/wp\/v2\/media?parent=3675"}],"wp:term":[{"taxonomy":"category","embeddable":true,"href":"https:\/\/periodicolarepublica.com\/index.php\/wp-json\/wp\/v2\/categories?post=3675"},{"taxonomy":"post_tag","embeddable":true,"href":"https:\/\/periodicolarepublica.com\/index.php\/wp-json\/wp\/v2\/tags?post=3675"}],"curies":[{"name":"wp","href":"https:\/\/api.w.org\/{rel}","templated":true}]}}