{"id":3677,"date":"2025-07-13T20:37:39","date_gmt":"2025-07-13T18:37:39","guid":{"rendered":"https:\/\/periodicolarepublica.com\/?p=3677"},"modified":"2025-07-13T20:37:39","modified_gmt":"2025-07-13T18:37:39","slug":"neney-cabrera-alcalde-de-haina-y-eco5rd-anuncian-eliminacion-de-vertederos-improvisados","status":"publish","type":"post","link":"https:\/\/periodicolarepublica.com\/index.php\/2025\/07\/13\/neney-cabrera-alcalde-de-haina-y-eco5rd-anuncian-eliminacion-de-vertederos-improvisados\/","title":{"rendered":"Neney Cabrera, alcalde de Haina y Eco5RD anuncian eliminaci\u00f3n de vertederos improvisados"},"content":{"rendered":"<p>Haina, San Cristobal RD. El ministro Neney Cabrera, junto al alcalde del municipio de Haina al encabezar este s\u00e1bado en \u201cGobierno en la Provincia \u201c<\/p>\n<p>dejaron iniciado programa de intervenci\u00f3n y eliminaci\u00f3n de los vertederos improvisados en este municipio, que se ser\u00e1 ejecutado por la unidad ejecutora Eco5RD.<\/p>\n<p>&nbsp;<\/p>\n<p>&nbsp;<\/p>\n<p>El ministro encargado de la darle seguimiento a la ejecuci\u00f3n del gobierno, asegur\u00f3 que desde hoy las brigadas de la unidad ejecutora del gobierno Eco5RD, trabajar\u00e1n sin descanso hasta dejar este municipio de Haina libre de vertederos improvisados.<\/p>\n<p>&nbsp;<\/p>\n<p>Cabrera expres\u00f3 que esta acci\u00f3n forma parte del compromiso del gobierno del presidente Luis Abinader de garantizar entornos m\u00e1s limpios, seguros y saludables para la poblaci\u00f3n.<\/p>\n<p>&nbsp;<\/p>\n<p>\u201cEstamos por aqu\u00ed instrucciones precisa de nuestro se\u00f1or presidente Luis Abinader, no solo para limpiar y embellecer, sino para transforma para erradicar los vertederos improvisados que tanto da\u00f1os provocan en la salud\u201d precis\u00f3 el funcionario.<\/p>\n<p>&nbsp;<\/p>\n<p>El ministro Neney Cabrera explic\u00f3 que la intervenci\u00f3n contempla la limpieza de m\u00e1s de diez puntos identificados como vertederos improvisados, el retiro de toneladas de desechos s\u00f3lidos, la colocaci\u00f3n de se\u00f1alizaciones preventivas, as\u00ed como el inicio de una campa\u00f1a de educaci\u00f3n ciudadana sobre el manejo adecuado de los residuos, donde involucren a los ni\u00f1os j\u00f3venes y l\u00edderes comunitarios.<\/p>\n<p>&nbsp;<\/p>\n<p>&nbsp;<\/p>\n<p>En tanto que el alcalde de este municipio Osvaldo Rodr\u00edguez, agradeci\u00f3 al presidente Luis Abinader, por darle instrucciones al ministro de realizar esta intervenci\u00f3n, debido que este municipio es uno de lo m\u00e1s importante en t\u00e9rmino econ\u00f3mico para del pa\u00eds.<\/p>\n<p>&nbsp;<\/p>\n<p>*Autoridades*<\/p>\n<p>&nbsp;<\/p>\n<p>Durante la celebraci\u00f3n del gobierno en la provincia, Neney Cabrera fue acompa\u00f1ado de las diputadas diputadas Jaquelin Montero y Margarita Tejeda diputada y representantes de sala capitular del ayuntamiento de Haina.<img loading=\"lazy\" decoding=\"async\" class=\"size-medium wp-image-3678 alignright\" src=\"https:\/\/periodicolarepublica.com\/wp-content\/uploads\/2025\/07\/IMG-20250712-WA0299-300x158.jpg\" alt=\"\" width=\"300\" height=\"158\" srcset=\"https:\/\/periodicolarepublica.com\/wp-content\/uploads\/2025\/07\/IMG-20250712-WA0299-300x158.jpg?v=1752431845 300w, https:\/\/periodicolarepublica.com\/wp-content\/uploads\/2025\/07\/IMG-20250712-WA0299-768x403.jpg?v=1752431845 768w, https:\/\/periodicolarepublica.com\/wp-content\/uploads\/2025\/07\/IMG-20250712-WA0299-150x79.jpg?v=1752431845 150w, https:\/\/periodicolarepublica.com\/wp-content\/uploads\/2025\/07\/IMG-20250712-WA0299-600x315.jpg?v=1752431845 600w, https:\/\/periodicolarepublica.com\/wp-content\/uploads\/2025\/07\/IMG-20250712-WA0299-696x365.jpg?v=1752431845 696w, https:\/\/periodicolarepublica.com\/wp-content\/uploads\/2025\/07\/IMG-20250712-WA0299.jpg?v=1752431845 800w\" sizes=\"auto, (max-width: 300px) 100vw, 300px\" \/><\/p>\n","protected":false},"excerpt":{"rendered":"<p>Haina, San Cristobal RD. El ministro Neney Cabrera, junto al alcalde del municipio de Haina al encabezar este s\u00e1bado en \u201cGobierno en la Provincia \u201c dejaron iniciado programa de intervenci\u00f3n y eliminaci\u00f3n de los vertederos improvisados en este municipio, que se ser\u00e1 ejecutado por la unidad ejecutora Eco5RD. &nbsp; &nbsp; El ministro encargado de la [&hellip;]<\/p>\n","protected":false},"author":10,"featured_media":3678,"comment_status":"open","ping_status":"open","sticky":false,"template":"","format":"standard","meta":{"om_disable_all_campaigns":false,"_monsterinsights_skip_tracking":false,"_monsterinsights_sitenote_active":false,"_monsterinsights_sitenote_note":"","_monsterinsights_sitenote_category":0,"footnotes":""},"categories":[1],"tags":[],"class_list":{"0":"post-3677","1":"post","2":"type-post","3":"status-publish","4":"format-standard","5":"has-post-thumbnail","7":"category-nacionales"},"aioseo_notices":[],"_links":{"self":[{"href":"https:\/\/periodicolarepublica.com\/index.php\/wp-json\/wp\/v2\/posts\/3677","targetHints":{"allow":["GET"]}}],"collection":[{"href":"https:\/\/periodicolarepublica.com\/index.php\/wp-json\/wp\/v2\/posts"}],"about":[{"href":"https:\/\/periodicolarepublica.com\/index.php\/wp-json\/wp\/v2\/types\/post"}],"author":[{"embeddable":true,"href":"https:\/\/periodicolarepublica.com\/index.php\/wp-json\/wp\/v2\/users\/10"}],"replies":[{"embeddable":true,"href":"https:\/\/periodicolarepublica.com\/index.php\/wp-json\/wp\/v2\/comments?post=3677"}],"version-history":[{"count":1,"href":"https:\/\/periodicolarepublica.com\/index.php\/wp-json\/wp\/v2\/posts\/3677\/revisions"}],"predecessor-version":[{"id":3679,"href":"https:\/\/periodicolarepublica.com\/index.php\/wp-json\/wp\/v2\/posts\/3677\/revisions\/3679"}],"wp:featuredmedia":[{"embeddable":true,"href":"https:\/\/periodicolarepublica.com\/index.php\/wp-json\/wp\/v2\/media\/3678"}],"wp:attachment":[{"href":"https:\/\/periodicolarepublica.com\/index.php\/wp-json\/wp\/v2\/media?parent=3677"}],"wp:term":[{"taxonomy":"category","embeddable":true,"href":"https:\/\/periodicolarepublica.com\/index.php\/wp-json\/wp\/v2\/categories?post=3677"},{"taxonomy":"post_tag","embeddable":true,"href":"https:\/\/periodicolarepublica.com\/index.php\/wp-json\/wp\/v2\/tags?post=3677"}],"curies":[{"name":"wp","href":"https:\/\/api.w.org\/{rel}","templated":true}]}}