{"id":3682,"date":"2025-07-14T01:07:34","date_gmt":"2025-07-13T23:07:34","guid":{"rendered":"https:\/\/periodicolarepublica.com\/?p=3682"},"modified":"2025-07-14T01:07:34","modified_gmt":"2025-07-13T23:07:34","slug":"red-subagente-popular-alcanza-el-80-de-municipios-del-pais","status":"publish","type":"post","link":"https:\/\/periodicolarepublica.com\/index.php\/2025\/07\/14\/red-subagente-popular-alcanza-el-80-de-municipios-del-pais\/","title":{"rendered":"Red Subagente Popular alcanza el 80% de municipios del pa\u00eds"},"content":{"rendered":"<p>El Banco Popular inform\u00f3 que su red Subagente Popular, constituida por m\u00e1s de 1,084 puntos, ha alcanzado la cobertura nacional, con presencia en las 32 provincias del pa\u00eds y en 127 de sus 158 municipios, equivalente al 80%.<\/p>\n<p>Esta red ha contribuido a ampliar la cobertura de la entidad bancaria en zonas sin presencia de sucursales f\u00edsicas, permitiendo ofrecer servicios financieros de forma m\u00e1s eficiente y accesible.<\/p>\n<blockquote><p><img loading=\"lazy\" decoding=\"async\" class=\"alignnone size-medium wp-image-3090\" src=\"https:\/\/periodicolarepublica.com\/wp-content\/uploads\/2025\/04\/bpd250x250-300x158.jpg\" alt=\"\" width=\"300\" height=\"158\" srcset=\"https:\/\/periodicolarepublica.com\/wp-content\/uploads\/2025\/04\/bpd250x250-300x158.jpg 300w, https:\/\/periodicolarepublica.com\/wp-content\/uploads\/2025\/04\/bpd250x250-1024x538.jpg 1024w, https:\/\/periodicolarepublica.com\/wp-content\/uploads\/2025\/04\/bpd250x250-768x403.jpg 768w, https:\/\/periodicolarepublica.com\/wp-content\/uploads\/2025\/04\/bpd250x250-150x79.jpg 150w, https:\/\/periodicolarepublica.com\/wp-content\/uploads\/2025\/04\/bpd250x250-600x315.jpg 600w, https:\/\/periodicolarepublica.com\/wp-content\/uploads\/2025\/04\/bpd250x250-696x365.jpg 696w, https:\/\/periodicolarepublica.com\/wp-content\/uploads\/2025\/04\/bpd250x250-1068x561.jpg 1068w, https:\/\/periodicolarepublica.com\/wp-content\/uploads\/2025\/04\/bpd250x250.jpg 1200w\" sizes=\"auto, (max-width: 300px) 100vw, 300px\" \/><\/p><\/blockquote>\n","protected":false},"excerpt":{"rendered":"<p>El Banco Popular inform\u00f3 que su red Subagente Popular, constituida por m\u00e1s de 1,084 puntos, ha alcanzado la cobertura nacional, con presencia en las 32 provincias del pa\u00eds y en 127 de sus 158 municipios, equivalente al 80%. Esta red ha contribuido a ampliar la cobertura de la entidad bancaria en zonas sin presencia de [&hellip;]<\/p>\n","protected":false},"author":6,"featured_media":3090,"comment_status":"open","ping_status":"open","sticky":false,"template":"","format":"standard","meta":{"om_disable_all_campaigns":false,"_monsterinsights_skip_tracking":false,"_monsterinsights_sitenote_active":false,"_monsterinsights_sitenote_note":"","_monsterinsights_sitenote_category":0,"footnotes":""},"categories":[33,1],"tags":[76,119],"class_list":{"0":"post-3682","1":"post","2":"type-post","3":"status-publish","4":"format-standard","5":"has-post-thumbnail","7":"category-canal-financiero","8":"category-nacionales","9":"tag-banco-popular-dominicano","10":"tag-popularenlinea-com"},"aioseo_notices":[],"_links":{"self":[{"href":"https:\/\/periodicolarepublica.com\/index.php\/wp-json\/wp\/v2\/posts\/3682","targetHints":{"allow":["GET"]}}],"collection":[{"href":"https:\/\/periodicolarepublica.com\/index.php\/wp-json\/wp\/v2\/posts"}],"about":[{"href":"https:\/\/periodicolarepublica.com\/index.php\/wp-json\/wp\/v2\/types\/post"}],"author":[{"embeddable":true,"href":"https:\/\/periodicolarepublica.com\/index.php\/wp-json\/wp\/v2\/users\/6"}],"replies":[{"embeddable":true,"href":"https:\/\/periodicolarepublica.com\/index.php\/wp-json\/wp\/v2\/comments?post=3682"}],"version-history":[{"count":1,"href":"https:\/\/periodicolarepublica.com\/index.php\/wp-json\/wp\/v2\/posts\/3682\/revisions"}],"predecessor-version":[{"id":3683,"href":"https:\/\/periodicolarepublica.com\/index.php\/wp-json\/wp\/v2\/posts\/3682\/revisions\/3683"}],"wp:featuredmedia":[{"embeddable":true,"href":"https:\/\/periodicolarepublica.com\/index.php\/wp-json\/wp\/v2\/media\/3090"}],"wp:attachment":[{"href":"https:\/\/periodicolarepublica.com\/index.php\/wp-json\/wp\/v2\/media?parent=3682"}],"wp:term":[{"taxonomy":"category","embeddable":true,"href":"https:\/\/periodicolarepublica.com\/index.php\/wp-json\/wp\/v2\/categories?post=3682"},{"taxonomy":"post_tag","embeddable":true,"href":"https:\/\/periodicolarepublica.com\/index.php\/wp-json\/wp\/v2\/tags?post=3682"}],"curies":[{"name":"wp","href":"https:\/\/api.w.org\/{rel}","templated":true}]}}