{"id":3686,"date":"2025-07-14T02:07:03","date_gmt":"2025-07-14T00:07:03","guid":{"rendered":"https:\/\/periodicolarepublica.com\/?p=3686"},"modified":"2025-07-14T02:07:03","modified_gmt":"2025-07-14T00:07:03","slug":"cantautor-dominicano-llevara-su-voz-a-los-estudios-de-cerati-en-argentina","status":"publish","type":"post","link":"https:\/\/periodicolarepublica.com\/index.php\/2025\/07\/14\/cantautor-dominicano-llevara-su-voz-a-los-estudios-de-cerati-en-argentina\/","title":{"rendered":"Cantautor dominicano llevar\u00e1 su voz a los estudios de Cerati en Argentina"},"content":{"rendered":"<p>Felipe Cruz, de 21 a\u00f1os, ha sido seleccionado por la plataforma Mural Sessions para representar al pa\u00eds en su pr\u00f3xima temporada, que se grabar\u00e1 en los emblem\u00e1ticos estudios Romaphonic y Un\u00edsono en Buenos Aires.<\/p>\n<p>Santo Domingo, Rep\u00fablica Dominicana. (Julio de 2025). La m\u00fasica dominicana escribe un nuevo cap\u00edtulo internacional con el nombre de Felipe Cruz. El joven artista, de apenas 21 a\u00f1os, ha sido convocado por Mural Sessions, una de las plataformas musicales m\u00e1s influyentes de Latinoam\u00e9rica, para representar a la Rep\u00fablica Dominicana en su pr\u00f3xima temporada, que se grabar\u00e1 en Buenos Aires.<\/p>\n<p>Felipe viajar\u00e1 en agosto a Buenos Aires, Argentina, donde grabar\u00e1 un \u00e1lbum de ocho canciones en los ic\u00f3nicos Romaphonic Studios, antiguo Circo Beat del legendario Fito P\u00e1ez, y filmar\u00e1 su sesi\u00f3n en vivo en Un\u00edsono, el m\u00edtico estudio creado por Gustavo Cerati. Estos espacios son considerados templos musicales de la regi\u00f3n, por donde han pasado artistas como Natalia Lafourcade, Los Cafres, y Paco Amoroso.\u00a0Durante el proceso de grabaci\u00f3n, Felipe tambi\u00e9n estar\u00e1 ofreciendo presentaciones en vivo en distintos escenarios de Buenos Aires, llevando su propuesta musical al p\u00fablico argentino.<\/p>\n<p>El cantautor, productor y multiinstrumentista, capaz de componer, grabar y ejecutar los mismos instrumentos como piano, guitarra, bajo y bater\u00eda. Desde su independencia ha lanzado temas como Cruel, Medianoche, Nada Personal y Todo Bien, fusionando rock alternativo, indie y R&amp;B con letras cargadas de autenticidad.<\/p>\n<p><img loading=\"lazy\" decoding=\"async\" class=\"alignnone size-medium wp-image-3687\" src=\"https:\/\/periodicolarepublica.com\/wp-content\/uploads\/2025\/07\/IMG-20250713-WA0031-e1752451567712-300x245.jpg\" alt=\"\" width=\"300\" height=\"245\" srcset=\"https:\/\/periodicolarepublica.com\/wp-content\/uploads\/2025\/07\/IMG-20250713-WA0031-e1752451567712-300x245.jpg 300w, https:\/\/periodicolarepublica.com\/wp-content\/uploads\/2025\/07\/IMG-20250713-WA0031-e1752451567712-150x122.jpg 150w, https:\/\/periodicolarepublica.com\/wp-content\/uploads\/2025\/07\/IMG-20250713-WA0031-e1752451567712.jpg 527w\" sizes=\"auto, (max-width: 300px) 100vw, 300px\" \/><\/p>\n","protected":false},"excerpt":{"rendered":"<p>Felipe Cruz, de 21 a\u00f1os, ha sido seleccionado por la plataforma Mural Sessions para representar al pa\u00eds en su pr\u00f3xima temporada, que se grabar\u00e1 en los emblem\u00e1ticos estudios Romaphonic y Un\u00edsono en Buenos Aires. Santo Domingo, Rep\u00fablica Dominicana. (Julio de 2025). La m\u00fasica dominicana escribe un nuevo cap\u00edtulo internacional con el nombre de Felipe Cruz. [&hellip;]<\/p>\n","protected":false},"author":6,"featured_media":3687,"comment_status":"open","ping_status":"open","sticky":false,"template":"","format":"standard","meta":{"om_disable_all_campaigns":false,"_monsterinsights_skip_tracking":false,"_monsterinsights_sitenote_active":false,"_monsterinsights_sitenote_note":"","_monsterinsights_sitenote_category":0,"footnotes":""},"categories":[1],"tags":[428],"class_list":{"0":"post-3686","1":"post","2":"type-post","3":"status-publish","4":"format-standard","5":"has-post-thumbnail","7":"category-nacionales","8":"tag-felipe-cruz"},"aioseo_notices":[],"_links":{"self":[{"href":"https:\/\/periodicolarepublica.com\/index.php\/wp-json\/wp\/v2\/posts\/3686","targetHints":{"allow":["GET"]}}],"collection":[{"href":"https:\/\/periodicolarepublica.com\/index.php\/wp-json\/wp\/v2\/posts"}],"about":[{"href":"https:\/\/periodicolarepublica.com\/index.php\/wp-json\/wp\/v2\/types\/post"}],"author":[{"embeddable":true,"href":"https:\/\/periodicolarepublica.com\/index.php\/wp-json\/wp\/v2\/users\/6"}],"replies":[{"embeddable":true,"href":"https:\/\/periodicolarepublica.com\/index.php\/wp-json\/wp\/v2\/comments?post=3686"}],"version-history":[{"count":1,"href":"https:\/\/periodicolarepublica.com\/index.php\/wp-json\/wp\/v2\/posts\/3686\/revisions"}],"predecessor-version":[{"id":3688,"href":"https:\/\/periodicolarepublica.com\/index.php\/wp-json\/wp\/v2\/posts\/3686\/revisions\/3688"}],"wp:featuredmedia":[{"embeddable":true,"href":"https:\/\/periodicolarepublica.com\/index.php\/wp-json\/wp\/v2\/media\/3687"}],"wp:attachment":[{"href":"https:\/\/periodicolarepublica.com\/index.php\/wp-json\/wp\/v2\/media?parent=3686"}],"wp:term":[{"taxonomy":"category","embeddable":true,"href":"https:\/\/periodicolarepublica.com\/index.php\/wp-json\/wp\/v2\/categories?post=3686"},{"taxonomy":"post_tag","embeddable":true,"href":"https:\/\/periodicolarepublica.com\/index.php\/wp-json\/wp\/v2\/tags?post=3686"}],"curies":[{"name":"wp","href":"https:\/\/api.w.org\/{rel}","templated":true}]}}