{"id":3689,"date":"2025-07-14T02:12:22","date_gmt":"2025-07-14T00:12:22","guid":{"rendered":"https:\/\/periodicolarepublica.com\/?p=3689"},"modified":"2025-07-14T02:12:22","modified_gmt":"2025-07-14T00:12:22","slug":"energia-y-mineria-lideran-la-inversion-extranjera-en-el-primer-trimestre-de-2025","status":"publish","type":"post","link":"https:\/\/periodicolarepublica.com\/index.php\/2025\/07\/14\/energia-y-mineria-lideran-la-inversion-extranjera-en-el-primer-trimestre-de-2025\/","title":{"rendered":"Energ\u00eda y miner\u00eda lideran la inversi\u00f3n extranjera en el primer trimestre de 2025"},"content":{"rendered":"<p>Ministro Joel Santos resalta que en conjunto captaron 516 millones de d\u00f3lares, equivalentes al 39 % del total nacional _<\/p>\n<p>SANTO DOMINGO. Los sectores de energ\u00eda y miner\u00eda contin\u00faan consolid\u00e1ndose como motores clave de atracci\u00f3n de inversi\u00f3n extranjera directa (IED) en Rep\u00fablica Dominicana. As\u00ed lo inform\u00f3 el ministro de Energ\u00eda y Minas, Joel Santos, al resaltar que, durante el primer trimestre de 2025, ambas actividades captaron en conjunto 516 millones de d\u00f3lares, equivalentes al 39 % del total nacional, que ascendi\u00f3 a US$1,329.3 millones.<\/p>\n<p>&nbsp;<\/p>\n<p>De ese monto, US$341.5 millones corresponden al sector energ\u00e9tico, lo que representa un 25.69 % del total nacional, mientras que US$174.9 millones fueron captados por el sector minero. Este \u00faltimo dato result\u00f3 ser vital para que el sector minero tuviera un crecimiento interanual del 389.92 %, posicion\u00e1ndose como uno de los sectores con mayor proyecci\u00f3n de desarrollo.<\/p>\n<p>\u201cEl dinamismo sostenido de estos sectores confirma la confianza de los inversionistas internacionales en la visi\u00f3n estrat\u00e9gica del pa\u00eds, que apuesta por una transici\u00f3n energ\u00e9tica con responsabilidad y una miner\u00eda moderna y sostenible\u201d, expres\u00f3 Santos.<\/p>\n<p>El ministro sostuvo que, en los \u00faltimos tres a\u00f1os, ambos sectores han captado m\u00e1s de US$ 3,500 millones en inversi\u00f3n extranjera, lo que incluye los flujos anuales r\u00e9cord del sector energ\u00e9tico en 2023 (US$ 1,071 millones) y 2024 (US$ 1,140 millones), posicion\u00e1ndolo como el segundo sector con mayor atracci\u00f3n de capital extranjero, solo por detr\u00e1s del turismo.<\/p>\n<p>*Proyectos estrat\u00e9gicos para la expansi\u00f3n energ\u00e9tica*<\/p>\n<p>Joel Santos indic\u00f3 que, de la mano de esta inversi\u00f3n, se est\u00e1n ejecutando importantes proyectos que aumentar\u00e1n en 2,179 megavatios (MW) la capacidad t\u00e9rmica instalada del pa\u00eds entre 2025-2028, lo que representa un incremento del 54 % en ese per\u00edodo.<\/p>\n<p>&nbsp;<\/p>\n<p>Sostuvo que este a\u00f1o se destacan la entrada CESPM 4 (Energas), en San Pedro de Macor\u00eds, que a\u00f1adir\u00e1 130 megavatios; el cierre de ciclo de SIBA, en Boca Chica, con 68 adicionales y Manzanillo Power Land (Energ\u00eda 2000), en Manzanillo, Montecristi, que aportar\u00e1 414 MW con su entrada en operaci\u00f3n a finales de este 2025.<\/p>\n<p>*Auge renovable: m\u00e1s proyectos en marcha*<\/p>\n<p>El ministro tambi\u00e9n resalt\u00f3 el robusto avance del pa\u00eds en energ\u00eda renovable, con un portafolio creciente y diversificado. Actualmente, existen 33 proyectos en operaci\u00f3n comercial, que suman 1,418.47 MW; 20 en construcci\u00f3n, que agregar\u00e1n 1,006.25 MW; 22 en inicio de construcci\u00f3n (1,551.37 MW); 26 en tr\u00e1mite definitivo (1,712.48 MW) y 25 con concesi\u00f3n provisional (1,280.37 MW).<\/p>\n<p>Entre los proyectos m\u00e1s destacados para inyectar energ\u00eda al sistema este a\u00f1o se encuentran los parques solares Mirasol, en Guerra, con 100 MW; Cotoper\u00ed, La Romana (146 MW), Sajoma, en San Jos\u00e9 de las Matas (76 MW); Coastal, en San Pedro de Macor\u00eds (110 MW) y Payita I, en Mar\u00eda Trinidad S\u00e1nchez (50 MW).<\/p>\n<p>&nbsp;<\/p>\n<p>*Direcci\u00f3n de Comunicaciones*<\/p>\n<p>13 de julio de 2025<\/p>\n<p><img loading=\"lazy\" decoding=\"async\" class=\"alignnone size-medium wp-image-2911\" src=\"https:\/\/periodicolarepublica.com\/wp-content\/uploads\/2025\/03\/fachada-MEM-1-e1751293560273-300x167.webp\" alt=\"\" width=\"300\" height=\"167\" srcset=\"https:\/\/periodicolarepublica.com\/wp-content\/uploads\/2025\/03\/fachada-MEM-1-e1751293560273-300x167.webp 300w, https:\/\/periodicolarepublica.com\/wp-content\/uploads\/2025\/03\/fachada-MEM-1-e1751293560273-1024x569.webp 1024w, https:\/\/periodicolarepublica.com\/wp-content\/uploads\/2025\/03\/fachada-MEM-1-e1751293560273-768x427.webp 768w, https:\/\/periodicolarepublica.com\/wp-content\/uploads\/2025\/03\/fachada-MEM-1-e1751293560273-150x83.webp 150w, https:\/\/periodicolarepublica.com\/wp-content\/uploads\/2025\/03\/fachada-MEM-1-e1751293560273-600x334.webp 600w, https:\/\/periodicolarepublica.com\/wp-content\/uploads\/2025\/03\/fachada-MEM-1-e1751293560273-696x387.webp 696w, https:\/\/periodicolarepublica.com\/wp-content\/uploads\/2025\/03\/fachada-MEM-1-e1751293560273-1068x594.webp 1068w, https:\/\/periodicolarepublica.com\/wp-content\/uploads\/2025\/03\/fachada-MEM-1-e1751293560273.webp 1295w\" sizes=\"auto, (max-width: 300px) 100vw, 300px\" \/><\/p>\n","protected":false},"excerpt":{"rendered":"<p>Ministro Joel Santos resalta que en conjunto captaron 516 millones de d\u00f3lares, equivalentes al 39 % del total nacional _ SANTO DOMINGO. Los sectores de energ\u00eda y miner\u00eda contin\u00faan consolid\u00e1ndose como motores clave de atracci\u00f3n de inversi\u00f3n extranjera directa (IED) en Rep\u00fablica Dominicana. As\u00ed lo inform\u00f3 el ministro de Energ\u00eda y Minas, Joel Santos, al [&hellip;]<\/p>\n","protected":false},"author":6,"featured_media":2911,"comment_status":"open","ping_status":"open","sticky":false,"template":"","format":"standard","meta":{"om_disable_all_campaigns":false,"_monsterinsights_skip_tracking":false,"_monsterinsights_sitenote_active":false,"_monsterinsights_sitenote_note":"","_monsterinsights_sitenote_category":0,"footnotes":""},"categories":[1],"tags":[],"class_list":{"0":"post-3689","1":"post","2":"type-post","3":"status-publish","4":"format-standard","5":"has-post-thumbnail","7":"category-nacionales"},"aioseo_notices":[],"_links":{"self":[{"href":"https:\/\/periodicolarepublica.com\/index.php\/wp-json\/wp\/v2\/posts\/3689","targetHints":{"allow":["GET"]}}],"collection":[{"href":"https:\/\/periodicolarepublica.com\/index.php\/wp-json\/wp\/v2\/posts"}],"about":[{"href":"https:\/\/periodicolarepublica.com\/index.php\/wp-json\/wp\/v2\/types\/post"}],"author":[{"embeddable":true,"href":"https:\/\/periodicolarepublica.com\/index.php\/wp-json\/wp\/v2\/users\/6"}],"replies":[{"embeddable":true,"href":"https:\/\/periodicolarepublica.com\/index.php\/wp-json\/wp\/v2\/comments?post=3689"}],"version-history":[{"count":1,"href":"https:\/\/periodicolarepublica.com\/index.php\/wp-json\/wp\/v2\/posts\/3689\/revisions"}],"predecessor-version":[{"id":3690,"href":"https:\/\/periodicolarepublica.com\/index.php\/wp-json\/wp\/v2\/posts\/3689\/revisions\/3690"}],"wp:featuredmedia":[{"embeddable":true,"href":"https:\/\/periodicolarepublica.com\/index.php\/wp-json\/wp\/v2\/media\/2911"}],"wp:attachment":[{"href":"https:\/\/periodicolarepublica.com\/index.php\/wp-json\/wp\/v2\/media?parent=3689"}],"wp:term":[{"taxonomy":"category","embeddable":true,"href":"https:\/\/periodicolarepublica.com\/index.php\/wp-json\/wp\/v2\/categories?post=3689"},{"taxonomy":"post_tag","embeddable":true,"href":"https:\/\/periodicolarepublica.com\/index.php\/wp-json\/wp\/v2\/tags?post=3689"}],"curies":[{"name":"wp","href":"https:\/\/api.w.org\/{rel}","templated":true}]}}