{"id":3691,"date":"2025-07-14T15:30:58","date_gmt":"2025-07-14T13:30:58","guid":{"rendered":"https:\/\/periodicolarepublica.com\/?p=3691"},"modified":"2025-07-14T15:30:58","modified_gmt":"2025-07-14T13:30:58","slug":"luis-abinader-y-la-soberania-nacional-una-respuesta-firme-ante-amnistia-internacional","status":"publish","type":"post","link":"https:\/\/periodicolarepublica.com\/index.php\/2025\/07\/14\/luis-abinader-y-la-soberania-nacional-una-respuesta-firme-ante-amnistia-internacional\/","title":{"rendered":"Luis Abinader y la soberan\u00eda nacional: una respuesta firme ante Amnist\u00eda Internacional"},"content":{"rendered":"<p>ING. Tom\u00e1s Hern\u00e1ndez Alberto,<\/p>\n<p>En d\u00edas recientes, la organizaci\u00f3n Amnist\u00eda Internacional emiti\u00f3 declaraciones cuestionando la pol\u00edtica migratoria del gobierno dominicano, especialmente en relaci\u00f3n con los ciudadanos haitianos. Sin embargo, la respuesta del presidente Luis Abinader no se hizo esperar. Con firmeza y claridad, defendi\u00f3 el derecho soberano que tiene la Rep\u00fablica Dominicana de decidir sobre sus asuntos internos, especialmente en temas tan delicados como su seguridad fronteriza y migraci\u00f3n.<\/p>\n<p>&nbsp;<\/p>\n<p>Abinader record\u00f3 a la comunidad internacional que la Rep\u00fablica Dominicana no es un pa\u00eds subordinado a intereses extranjeros, ni mucho menos debe pedir permiso para hacer cumplir sus leyes. Su contundente declaraci\u00f3n tras una reuni\u00f3n con el expresidente Hip\u00f3lito Mej\u00eda dej\u00f3 claro que Amnist\u00eda Internacional deber\u00eda dirigir su atenci\u00f3n hacia Hait\u00ed, donde la situaci\u00f3n humanitaria es cr\u00edtica, antes de venir a juzgar las decisiones leg\u00edtimas de un pa\u00eds soberano.<\/p>\n<p>&nbsp;<\/p>\n<p>Hist\u00f3ricamente, la Rep\u00fablica Dominicana ha sido blanco de presiones externas cada vez que toma decisiones firmes respecto a su frontera. Desde organismos internacionales hasta ONGs con intereses particulares, muchos han intentado incidir en nuestras pol\u00edticas. No obstante, hasta la llegada del presidente Abinader en 2020, pocos l\u00edderes hab\u00edan tenido el valor de responder con tanta convicci\u00f3n y responsabilidad patri\u00f3tica.<\/p>\n<p>&nbsp;<\/p>\n<p>Desde el inicio de su mandato, el presidente ha marcado un antes y un despu\u00e9s en la defensa de la soberan\u00eda nacional. Ha implementado un enfoque integral en la frontera, incluyendo el uso de tecnolog\u00eda de vigilancia, mayor presencia militar y, sobre todo, la construcci\u00f3n del muro fronterizo. Estas acciones no solo son estrat\u00e9gicas, sino necesarias para garantizar el orden y la seguridad nacional.<\/p>\n<p>&nbsp;<\/p>\n<p>El muro fronterizo no es un s\u00edmbolo de rechazo, sino de protecci\u00f3n. Representa el derecho de un Estado a controlar sus entradas y salidas, a mantener el orden interno y a proteger a sus ciudadanos. Quienes critican esta medida desde el extranjero, ignoran muchas veces el contexto hist\u00f3rico, social y econ\u00f3mico en el que vivimos. No se trata de negar ayuda al pueblo haitiano, sino de establecer l\u00edmites claros y legales.<\/p>\n<p>&nbsp;<\/p>\n<p>La postura de Abinader ha sido coherente: apoyar al pueblo haitiano desde el plano internacional, pero sin permitir que los problemas internos de Hait\u00ed se conviertan en una carga para la Rep\u00fablica Dominicana. Esta posici\u00f3n ha sido respaldada por la mayor\u00eda del pueblo dominicano, que exige orden, legalidad y respeto a la identidad nacional.<\/p>\n<p>&nbsp;<\/p>\n<p>Amnist\u00eda Internacional, al emitir juicios sin considerar plenamente la realidad dominicana, pierde legitimidad ante la opini\u00f3n p\u00fablica. No se puede pretender dar lecciones de derechos humanos sin primero observar las condiciones en las que viven los ciudadanos haitianos en su propio pa\u00eds. El respeto empieza por la comprensi\u00f3n del contexto.<\/p>\n<p>&nbsp;<\/p>\n<p>Luis Abinader ha demostrado tener agallas para enfrentar estas presiones. Su liderazgo firme no solo ha elevado el debate, sino que ha enviado un mensaje claro a la comunidad internacional: la Rep\u00fablica Dominicana se respeta. No se puede permitir que organismos for\u00e1neos intenten imponer agendas contrarias al inter\u00e9s nacional.<\/p>\n<p>&nbsp;<\/p>\n<p>En tiempos donde muchos l\u00edderes optan por la diplomacia tibia, Abinader elige la defensa valiente. Y eso no lo hace menos democr\u00e1tico, sino m\u00e1s digno. Un presidente que se atreve a decir lo que piensa y a hacer lo que el pa\u00eds necesita es, sin duda, un verdadero defensor de la soberan\u00eda.<\/p>\n<p>&nbsp;<\/p>\n<p>Hoy m\u00e1s que nunca, el pueblo dominicano debe valorar este tipo de liderazgo. Luis Abinader ha asumido con responsabilidad la tarea de proteger la naci\u00f3n y lo ha hecho sin miedo ni medias tintas. En la historia quedar\u00e1 como el presidente que m\u00e1s ha hecho por la frontera y que no se dej\u00f3 intimidar por quienes, desde afuera, pretenden dictar el rumbo de nuestra naci\u00f3n.<img loading=\"lazy\" decoding=\"async\" class=\"size-medium wp-image-1804 alignright\" src=\"https:\/\/periodicolarepublica.com\/wp-content\/uploads\/2024\/10\/IMG-20240525-WA0100-300x200.jpg\" alt=\"\" width=\"300\" height=\"200\" srcset=\"https:\/\/periodicolarepublica.com\/wp-content\/uploads\/2024\/10\/IMG-20240525-WA0100-300x200.jpg?v=1727804560 300w, https:\/\/periodicolarepublica.com\/wp-content\/uploads\/2024\/10\/IMG-20240525-WA0100-1024x682.jpg?v=1727804560 1024w, https:\/\/periodicolarepublica.com\/wp-content\/uploads\/2024\/10\/IMG-20240525-WA0100-768x511.jpg?v=1727804560 768w, https:\/\/periodicolarepublica.com\/wp-content\/uploads\/2024\/10\/IMG-20240525-WA0100-150x100.jpg?v=1727804560 150w, https:\/\/periodicolarepublica.com\/wp-content\/uploads\/2024\/10\/IMG-20240525-WA0100-600x399.jpg?v=1727804560 600w, https:\/\/periodicolarepublica.com\/wp-content\/uploads\/2024\/10\/IMG-20240525-WA0100-696x463.jpg?v=1727804560 696w, https:\/\/periodicolarepublica.com\/wp-content\/uploads\/2024\/10\/IMG-20240525-WA0100-1068x711.jpg?v=1727804560 1068w, https:\/\/periodicolarepublica.com\/wp-content\/uploads\/2024\/10\/IMG-20240525-WA0100.jpg?v=1727804560 1080w\" sizes=\"auto, (max-width: 300px) 100vw, 300px\" \/><\/p>\n","protected":false},"excerpt":{"rendered":"<p>ING. Tom\u00e1s Hern\u00e1ndez Alberto, En d\u00edas recientes, la organizaci\u00f3n Amnist\u00eda Internacional emiti\u00f3 declaraciones cuestionando la pol\u00edtica migratoria del gobierno dominicano, especialmente en relaci\u00f3n con los ciudadanos haitianos. Sin embargo, la respuesta del presidente Luis Abinader no se hizo esperar. Con firmeza y claridad, defendi\u00f3 el derecho soberano que tiene la Rep\u00fablica Dominicana de decidir sobre [&hellip;]<\/p>\n","protected":false},"author":10,"featured_media":1804,"comment_status":"open","ping_status":"open","sticky":false,"template":"","format":"standard","meta":{"om_disable_all_campaigns":false,"_monsterinsights_skip_tracking":false,"_monsterinsights_sitenote_active":false,"_monsterinsights_sitenote_note":"","_monsterinsights_sitenote_category":0,"footnotes":""},"categories":[1],"tags":[163],"class_list":{"0":"post-3691","1":"post","2":"type-post","3":"status-publish","4":"format-standard","5":"has-post-thumbnail","7":"category-nacionales","8":"tag-tomas-hernandez-alberto"},"aioseo_notices":[],"_links":{"self":[{"href":"https:\/\/periodicolarepublica.com\/index.php\/wp-json\/wp\/v2\/posts\/3691","targetHints":{"allow":["GET"]}}],"collection":[{"href":"https:\/\/periodicolarepublica.com\/index.php\/wp-json\/wp\/v2\/posts"}],"about":[{"href":"https:\/\/periodicolarepublica.com\/index.php\/wp-json\/wp\/v2\/types\/post"}],"author":[{"embeddable":true,"href":"https:\/\/periodicolarepublica.com\/index.php\/wp-json\/wp\/v2\/users\/10"}],"replies":[{"embeddable":true,"href":"https:\/\/periodicolarepublica.com\/index.php\/wp-json\/wp\/v2\/comments?post=3691"}],"version-history":[{"count":1,"href":"https:\/\/periodicolarepublica.com\/index.php\/wp-json\/wp\/v2\/posts\/3691\/revisions"}],"predecessor-version":[{"id":3692,"href":"https:\/\/periodicolarepublica.com\/index.php\/wp-json\/wp\/v2\/posts\/3691\/revisions\/3692"}],"wp:featuredmedia":[{"embeddable":true,"href":"https:\/\/periodicolarepublica.com\/index.php\/wp-json\/wp\/v2\/media\/1804"}],"wp:attachment":[{"href":"https:\/\/periodicolarepublica.com\/index.php\/wp-json\/wp\/v2\/media?parent=3691"}],"wp:term":[{"taxonomy":"category","embeddable":true,"href":"https:\/\/periodicolarepublica.com\/index.php\/wp-json\/wp\/v2\/categories?post=3691"},{"taxonomy":"post_tag","embeddable":true,"href":"https:\/\/periodicolarepublica.com\/index.php\/wp-json\/wp\/v2\/tags?post=3691"}],"curies":[{"name":"wp","href":"https:\/\/api.w.org\/{rel}","templated":true}]}}