{"id":3693,"date":"2025-07-15T16:46:33","date_gmt":"2025-07-15T14:46:33","guid":{"rendered":"https:\/\/periodicolarepublica.com\/?p=3693"},"modified":"2025-07-15T16:46:33","modified_gmt":"2025-07-15T14:46:33","slug":"edeeste-se-reune-con-comunitarios-de-brisas-del-este-para-fortalecer-vinculos-de-colaboracion-a-favor-de-mejorar-el-servicio-en-la-zona","status":"publish","type":"post","link":"https:\/\/periodicolarepublica.com\/index.php\/2025\/07\/15\/edeeste-se-reune-con-comunitarios-de-brisas-del-este-para-fortalecer-vinculos-de-colaboracion-a-favor-de-mejorar-el-servicio-en-la-zona\/","title":{"rendered":"Edeeste se re\u00fane con comunitarios de Brisas del Este para fortalecer v\u00ednculos de colaboraci\u00f3n a favor de mejorar el servicio en la zona"},"content":{"rendered":"<p>Durante el di\u00e1logo, se inform\u00f3 que el nivel de p\u00e9rdidas el\u00e9ctricas en el sector Brisas del Este supera el 60%, lo que impacta significativamente la calidad del servicio.<\/p>\n<p>&nbsp;<\/p>\n<p>Santo Domingo Este. \u2013 La Empresa Distribuidora de Electricidad del Este (Edeeste) sostuvo un encuentro con l\u00edderes comunitarios del sector Brisas del Este, con el objetivo de establecer acuerdos y fortalecer los canales de comunicaci\u00f3n, tras los disturbios ocurridos en d\u00edas pasados por interrupciones el\u00e9ctricas derivadas de trabajos t\u00e9cnicos en el circuito EBRI05.<\/p>\n<p>&nbsp;<\/p>\n<p>Los trabajos ejecutados por Edeeste en el mencionado circuito forman parte de un plan de mejora para descargar la red el\u00e9ctrica y garantizar un servicio m\u00e1s estable en la zona. Sin embargo, las interrupciones temporales provocaron inquietudes entre los residentes, lo que motiv\u00f3 a la empresa a establecer un espacio de di\u00e1logo franco y constructivo con la comunidad.<\/p>\n<p>&nbsp;<\/p>\n<p>Durante el encuentro, se acordaron compromisos concretos con las \u00e1reas de Comercial y Distribuci\u00f3n en torno a temas sensibles como el alumbrado de la zona, la correcta facturaci\u00f3n y la gesti\u00f3n de los mantenimientos preventivos. Asimismo, la comunidad acept\u00f3 participar en jornadas educativas sobre eficiencia energ\u00e9tica, las cuales ser\u00e1n impartidas por el departamento de Responsabilidad Social de Edeeste.<\/p>\n<p>&nbsp;<\/p>\n<p>Estas capacitaciones buscan fomentar el uso racional de la energ\u00eda y promover buenas pr\u00e1cticas dentro de los hogares y negocios del sector.Por otro lado, se estableci\u00f3 un canal de comunicaci\u00f3n directo y constante con la gerencia de Gesti\u00f3n Social, que dar\u00e1 seguimiento a los compromisos asumidos y servir\u00e1 de enlace permanente entre la empresa y los comunitarios.<\/p>\n<p>&nbsp;<\/p>\n<p>En un ejercicio de transparencia, los comunitarios reconocieron la existencia de casos de fraude el\u00e9ctrico y conexiones ilegales en la zona, as\u00ed como malas pr\u00e1cticas por parte de algunos contratistas que brindan servicios a la empresa. En respuesta, la Direcci\u00f3n de Seguridad F\u00edsica de Edeeste se comprometi\u00f3 a intensificar las acciones de fiscalizaci\u00f3n y a trabajar de la mano con la comunidad para identificar y denunciar estas irregularidades. En ese sentido, los comunitarios manifestaron su disposici\u00f3n a colaborar activamente en la erradicaci\u00f3n de estas pr\u00e1cticas que afectan a todos.<\/p>\n<p>&nbsp;<\/p>\n<p>Edeeste reafirma su compromiso con el desarrollo de soluciones sostenibles, el trabajo conjunto con las comunidades y la mejora continua del servicio el\u00e9ctrico en beneficio de todos sus usuarios.<img loading=\"lazy\" decoding=\"async\" class=\"size-medium wp-image-3627 alignright\" src=\"https:\/\/periodicolarepublica.com\/wp-content\/uploads\/2025\/07\/IMG_20250709_142341-300x174.jpg\" alt=\"\" width=\"300\" height=\"174\" srcset=\"https:\/\/periodicolarepublica.com\/wp-content\/uploads\/2025\/07\/IMG_20250709_142341-300x174.jpg?v=1752085805 300w, https:\/\/periodicolarepublica.com\/wp-content\/uploads\/2025\/07\/IMG_20250709_142341-150x87.jpg?v=1752085805 150w, https:\/\/periodicolarepublica.com\/wp-content\/uploads\/2025\/07\/IMG_20250709_142341.jpg?v=1752085805 413w\" sizes=\"auto, (max-width: 300px) 100vw, 300px\" \/><\/p>\n","protected":false},"excerpt":{"rendered":"<p>Durante el di\u00e1logo, se inform\u00f3 que el nivel de p\u00e9rdidas el\u00e9ctricas en el sector Brisas del Este supera el 60%, lo que impacta significativamente la calidad del servicio. &nbsp; Santo Domingo Este. \u2013 La Empresa Distribuidora de Electricidad del Este (Edeeste) sostuvo un encuentro con l\u00edderes comunitarios del sector Brisas del Este, con el objetivo [&hellip;]<\/p>\n","protected":false},"author":10,"featured_media":3627,"comment_status":"open","ping_status":"open","sticky":false,"template":"","format":"standard","meta":{"om_disable_all_campaigns":false,"_monsterinsights_skip_tracking":false,"_monsterinsights_sitenote_active":false,"_monsterinsights_sitenote_note":"","_monsterinsights_sitenote_category":0,"footnotes":""},"categories":[1],"tags":[],"class_list":{"0":"post-3693","1":"post","2":"type-post","3":"status-publish","4":"format-standard","5":"has-post-thumbnail","7":"category-nacionales"},"aioseo_notices":[],"_links":{"self":[{"href":"https:\/\/periodicolarepublica.com\/index.php\/wp-json\/wp\/v2\/posts\/3693","targetHints":{"allow":["GET"]}}],"collection":[{"href":"https:\/\/periodicolarepublica.com\/index.php\/wp-json\/wp\/v2\/posts"}],"about":[{"href":"https:\/\/periodicolarepublica.com\/index.php\/wp-json\/wp\/v2\/types\/post"}],"author":[{"embeddable":true,"href":"https:\/\/periodicolarepublica.com\/index.php\/wp-json\/wp\/v2\/users\/10"}],"replies":[{"embeddable":true,"href":"https:\/\/periodicolarepublica.com\/index.php\/wp-json\/wp\/v2\/comments?post=3693"}],"version-history":[{"count":1,"href":"https:\/\/periodicolarepublica.com\/index.php\/wp-json\/wp\/v2\/posts\/3693\/revisions"}],"predecessor-version":[{"id":3694,"href":"https:\/\/periodicolarepublica.com\/index.php\/wp-json\/wp\/v2\/posts\/3693\/revisions\/3694"}],"wp:featuredmedia":[{"embeddable":true,"href":"https:\/\/periodicolarepublica.com\/index.php\/wp-json\/wp\/v2\/media\/3627"}],"wp:attachment":[{"href":"https:\/\/periodicolarepublica.com\/index.php\/wp-json\/wp\/v2\/media?parent=3693"}],"wp:term":[{"taxonomy":"category","embeddable":true,"href":"https:\/\/periodicolarepublica.com\/index.php\/wp-json\/wp\/v2\/categories?post=3693"},{"taxonomy":"post_tag","embeddable":true,"href":"https:\/\/periodicolarepublica.com\/index.php\/wp-json\/wp\/v2\/tags?post=3693"}],"curies":[{"name":"wp","href":"https:\/\/api.w.org\/{rel}","templated":true}]}}