{"id":3695,"date":"2025-07-15T18:56:35","date_gmt":"2025-07-15T16:56:35","guid":{"rendered":"https:\/\/periodicolarepublica.com\/?p=3695"},"modified":"2025-07-15T18:56:35","modified_gmt":"2025-07-15T16:56:35","slug":"perla-de-la-rosa-nueva-ceo-de-dr-trade-impulsando-la-logistica-del-pais","status":"publish","type":"post","link":"https:\/\/periodicolarepublica.com\/index.php\/2025\/07\/15\/perla-de-la-rosa-nueva-ceo-de-dr-trade-impulsando-la-logistica-del-pais\/","title":{"rendered":"Perla de la Rosa nueva CEO de DR Trade, impulsando la log\u00edstica del pa\u00eds"},"content":{"rendered":"<p>La experimentada profesional Perla de la Rosa ha sido designada como nueva CEO de DR Trade, empresa que se consolida como un pilar fundamental en la transformaci\u00f3n del comercio internacional en la Rep\u00fablica Dominicana.<\/p>\n<p>Con una visi\u00f3n estrat\u00e9gica centrada en la innovaci\u00f3n, De la Rosa liderar\u00e1 el fortalecimiento de un modelo de negocio basado en tecnolog\u00eda avanzada y alianzas estrat\u00e9gicas, promoviendo soluciones log\u00edsticas que mejoran la eficiencia, reducen costos y garantizan mayor transparencia en los procesos de importaci\u00f3n y exportaci\u00f3n.<\/p>\n<p><img loading=\"lazy\" decoding=\"async\" class=\"alignnone size-medium wp-image-3696\" src=\"https:\/\/periodicolarepublica.com\/wp-content\/uploads\/2025\/07\/IMG_20250715_125424-e1752598551960-300x253.jpg\" alt=\"\" width=\"300\" height=\"253\" srcset=\"https:\/\/periodicolarepublica.com\/wp-content\/uploads\/2025\/07\/IMG_20250715_125424-e1752598551960-300x253.jpg 300w, https:\/\/periodicolarepublica.com\/wp-content\/uploads\/2025\/07\/IMG_20250715_125424-e1752598551960-1024x865.jpg 1024w, https:\/\/periodicolarepublica.com\/wp-content\/uploads\/2025\/07\/IMG_20250715_125424-e1752598551960-768x649.jpg 768w, https:\/\/periodicolarepublica.com\/wp-content\/uploads\/2025\/07\/IMG_20250715_125424-e1752598551960-150x127.jpg 150w, https:\/\/periodicolarepublica.com\/wp-content\/uploads\/2025\/07\/IMG_20250715_125424-e1752598551960-600x507.jpg 600w, https:\/\/periodicolarepublica.com\/wp-content\/uploads\/2025\/07\/IMG_20250715_125424-e1752598551960-696x588.jpg 696w, https:\/\/periodicolarepublica.com\/wp-content\/uploads\/2025\/07\/IMG_20250715_125424-e1752598551960-1068x902.jpg 1068w, https:\/\/periodicolarepublica.com\/wp-content\/uploads\/2025\/07\/IMG_20250715_125424-e1752598551960.jpg 1153w\" sizes=\"auto, (max-width: 300px) 100vw, 300px\" \/><\/p>\n<p>&nbsp;<\/p>\n","protected":false},"excerpt":{"rendered":"<p>La experimentada profesional Perla de la Rosa ha sido designada como nueva CEO de DR Trade, empresa que se consolida como un pilar fundamental en la transformaci\u00f3n del comercio internacional en la Rep\u00fablica Dominicana. Con una visi\u00f3n estrat\u00e9gica centrada en la innovaci\u00f3n, De la Rosa liderar\u00e1 el fortalecimiento de un modelo de negocio basado en [&hellip;]<\/p>\n","protected":false},"author":1,"featured_media":3696,"comment_status":"open","ping_status":"open","sticky":false,"template":"","format":"standard","meta":{"om_disable_all_campaigns":false,"_monsterinsights_skip_tracking":false,"_monsterinsights_sitenote_active":false,"_monsterinsights_sitenote_note":"","_monsterinsights_sitenote_category":0,"footnotes":""},"categories":[1],"tags":[430,429],"class_list":{"0":"post-3695","1":"post","2":"type-post","3":"status-publish","4":"format-standard","5":"has-post-thumbnail","7":"category-nacionales","8":"tag-dr-trade","9":"tag-perla-de-la-rosa"},"aioseo_notices":[],"_links":{"self":[{"href":"https:\/\/periodicolarepublica.com\/index.php\/wp-json\/wp\/v2\/posts\/3695","targetHints":{"allow":["GET"]}}],"collection":[{"href":"https:\/\/periodicolarepublica.com\/index.php\/wp-json\/wp\/v2\/posts"}],"about":[{"href":"https:\/\/periodicolarepublica.com\/index.php\/wp-json\/wp\/v2\/types\/post"}],"author":[{"embeddable":true,"href":"https:\/\/periodicolarepublica.com\/index.php\/wp-json\/wp\/v2\/users\/1"}],"replies":[{"embeddable":true,"href":"https:\/\/periodicolarepublica.com\/index.php\/wp-json\/wp\/v2\/comments?post=3695"}],"version-history":[{"count":1,"href":"https:\/\/periodicolarepublica.com\/index.php\/wp-json\/wp\/v2\/posts\/3695\/revisions"}],"predecessor-version":[{"id":3697,"href":"https:\/\/periodicolarepublica.com\/index.php\/wp-json\/wp\/v2\/posts\/3695\/revisions\/3697"}],"wp:featuredmedia":[{"embeddable":true,"href":"https:\/\/periodicolarepublica.com\/index.php\/wp-json\/wp\/v2\/media\/3696"}],"wp:attachment":[{"href":"https:\/\/periodicolarepublica.com\/index.php\/wp-json\/wp\/v2\/media?parent=3695"}],"wp:term":[{"taxonomy":"category","embeddable":true,"href":"https:\/\/periodicolarepublica.com\/index.php\/wp-json\/wp\/v2\/categories?post=3695"},{"taxonomy":"post_tag","embeddable":true,"href":"https:\/\/periodicolarepublica.com\/index.php\/wp-json\/wp\/v2\/tags?post=3695"}],"curies":[{"name":"wp","href":"https:\/\/api.w.org\/{rel}","templated":true}]}}