{"id":3698,"date":"2025-07-15T22:09:28","date_gmt":"2025-07-15T20:09:28","guid":{"rendered":"https:\/\/periodicolarepublica.com\/?p=3698"},"modified":"2025-07-15T22:22:37","modified_gmt":"2025-07-15T20:22:37","slug":"ayuntamiento-del-distrito-nacional-realizara-honras-funebres-a-fello-suverbi-este-jueves","status":"publish","type":"post","link":"https:\/\/periodicolarepublica.com\/index.php\/2025\/07\/15\/ayuntamiento-del-distrito-nacional-realizara-honras-funebres-a-fello-suverbi-este-jueves\/","title":{"rendered":"Ayuntamiento del Distrito Nacional realizar\u00e1 honras f\u00fanebres a Fello Suverb\u00ed este jueves"},"content":{"rendered":"<p style=\"text-align: left;\">\n<p style=\"text-align: left;\">Santo Domingo, DN \u2013 El Ayuntamiento del Distrito Nacional realizar\u00e1 honras f\u00fanebres al exalcalde Rafael Antonio \u201cFello\u201d Suberv\u00ed Bonilla este jueves en el Palacio Municipal.<\/p>\n<p style=\"text-align: left;\">A partir de las 10:00 de la ma\u00f1ana del jueves 17, la sede de ayuntamiento realizar\u00e1 un sentido homenaje en cuerpo presente al connotado dirigente pol\u00edtico. Para tales fines, el protocolo contempla una marcha f\u00fanebre a cargo del Cuerpo de Bomberos, la interpretaci\u00f3n de los himnos nacional y de la ciudad, guardias de honor, palabras de familiares y autoridades municipales, as\u00ed como la entrega de la bandera municipal a la familia.<\/p>\n<p style=\"text-align: left;\">Este mi\u00e9rcoles, el Concejo de Regidores llevar\u00e1 a cabo una sesi\u00f3n extraordinaria para conocer la solicitud de declaratoria de duelo municipal tras conocerse el triste fallecimiento de Fello en la madrugada de este martes.<\/p>\n<p style=\"text-align: left;\">\n<p style=\"text-align: left;\">Mediante decreto, el presidente Luis Abinader declar\u00f3 para este mi\u00e9rcoles 16 de julio duelo oficial por la muerte de don Fello.<\/p>\n<p style=\"text-align: left;\">Suberv\u00ed dej\u00f3 un legado de liderazgo y servicio en favor del pa\u00eds. Fue alcalde del Distrito Nacional durante dos periodos, del 1986 al 1990, y del 1994 al 1998. Tambi\u00e9n ocup\u00f3 el cargo de ministro de Turismo y candidato vicepresidencial en 2004.<\/p>\n<p style=\"text-align: left;\"><img loading=\"lazy\" decoding=\"async\" class=\"alignnone size-full wp-image-3699\" src=\"https:\/\/periodicolarepublica.com\/wp-content\/uploads\/2025\/07\/images-18.png\" alt=\"\" width=\"225\" height=\"225\" srcset=\"https:\/\/periodicolarepublica.com\/wp-content\/uploads\/2025\/07\/images-18.png 225w, https:\/\/periodicolarepublica.com\/wp-content\/uploads\/2025\/07\/images-18-150x150.png 150w\" sizes=\"auto, (max-width: 225px) 100vw, 225px\" \/><\/p>\n","protected":false},"excerpt":{"rendered":"<p>Santo Domingo, DN \u2013 El Ayuntamiento del Distrito Nacional realizar\u00e1 honras f\u00fanebres al exalcalde Rafael Antonio \u201cFello\u201d Suberv\u00ed Bonilla este jueves en el Palacio Municipal. A partir de las 10:00 de la ma\u00f1ana del jueves 17, la sede de ayuntamiento realizar\u00e1 un sentido homenaje en cuerpo presente al connotado dirigente pol\u00edtico. Para tales fines, el [&hellip;]<\/p>\n","protected":false},"author":6,"featured_media":3699,"comment_status":"open","ping_status":"open","sticky":false,"template":"","format":"standard","meta":{"om_disable_all_campaigns":false,"_monsterinsights_skip_tracking":false,"_monsterinsights_sitenote_active":false,"_monsterinsights_sitenote_note":"","_monsterinsights_sitenote_category":0,"footnotes":""},"categories":[1],"tags":[433,431,432],"class_list":{"0":"post-3698","1":"post","2":"type-post","3":"status-publish","4":"format-standard","5":"has-post-thumbnail","7":"category-nacionales","8":"tag-fellito-subervi","9":"tag-fellito-suverbi","10":"tag-fello-subervi"},"aioseo_notices":[],"_links":{"self":[{"href":"https:\/\/periodicolarepublica.com\/index.php\/wp-json\/wp\/v2\/posts\/3698","targetHints":{"allow":["GET"]}}],"collection":[{"href":"https:\/\/periodicolarepublica.com\/index.php\/wp-json\/wp\/v2\/posts"}],"about":[{"href":"https:\/\/periodicolarepublica.com\/index.php\/wp-json\/wp\/v2\/types\/post"}],"author":[{"embeddable":true,"href":"https:\/\/periodicolarepublica.com\/index.php\/wp-json\/wp\/v2\/users\/6"}],"replies":[{"embeddable":true,"href":"https:\/\/periodicolarepublica.com\/index.php\/wp-json\/wp\/v2\/comments?post=3698"}],"version-history":[{"count":3,"href":"https:\/\/periodicolarepublica.com\/index.php\/wp-json\/wp\/v2\/posts\/3698\/revisions"}],"predecessor-version":[{"id":3703,"href":"https:\/\/periodicolarepublica.com\/index.php\/wp-json\/wp\/v2\/posts\/3698\/revisions\/3703"}],"wp:featuredmedia":[{"embeddable":true,"href":"https:\/\/periodicolarepublica.com\/index.php\/wp-json\/wp\/v2\/media\/3699"}],"wp:attachment":[{"href":"https:\/\/periodicolarepublica.com\/index.php\/wp-json\/wp\/v2\/media?parent=3698"}],"wp:term":[{"taxonomy":"category","embeddable":true,"href":"https:\/\/periodicolarepublica.com\/index.php\/wp-json\/wp\/v2\/categories?post=3698"},{"taxonomy":"post_tag","embeddable":true,"href":"https:\/\/periodicolarepublica.com\/index.php\/wp-json\/wp\/v2\/tags?post=3698"}],"curies":[{"name":"wp","href":"https:\/\/api.w.org\/{rel}","templated":true}]}}