{"id":370,"date":"2024-02-09T15:43:56","date_gmt":"2024-02-09T14:43:56","guid":{"rendered":"https:\/\/periodicolarepublica.com\/?p=370"},"modified":"2024-02-09T15:43:56","modified_gmt":"2024-02-09T14:43:56","slug":"ministro-de-economia-presenta-avances-en-la-ejecucion-de-mifronterard","status":"publish","type":"post","link":"https:\/\/periodicolarepublica.com\/index.php\/2024\/02\/09\/ministro-de-economia-presenta-avances-en-la-ejecucion-de-mifronterard\/","title":{"rendered":"Ministro de Econom\u00eda presenta avances en la ejecuci\u00f3n de MiFronteraRD\u00a0"},"content":{"rendered":"<p><img loading=\"lazy\" decoding=\"async\" class=\"alignnone size-medium wp-image-371\" src=\"https:\/\/periodicolarepublica.com\/wp-content\/uploads\/2024\/02\/Picsart_24-02-09_10-32-25-431-300x169.jpg\" alt=\"\" width=\"300\" height=\"169\" srcset=\"https:\/\/periodicolarepublica.com\/wp-content\/uploads\/2024\/02\/Picsart_24-02-09_10-32-25-431-300x169.jpg?v=1715379819 300w, https:\/\/periodicolarepublica.com\/wp-content\/uploads\/2024\/02\/Picsart_24-02-09_10-32-25-431-1024x576.jpg?v=1715379819 1024w, https:\/\/periodicolarepublica.com\/wp-content\/uploads\/2024\/02\/Picsart_24-02-09_10-32-25-431-768x432.jpg?v=1715379819 768w, https:\/\/periodicolarepublica.com\/wp-content\/uploads\/2024\/02\/Picsart_24-02-09_10-32-25-431-1536x864.jpg?v=1715379819 1536w, https:\/\/periodicolarepublica.com\/wp-content\/uploads\/2024\/02\/Picsart_24-02-09_10-32-25-431-2048x1152.jpg?v=1715379819 2048w, https:\/\/periodicolarepublica.com\/wp-content\/uploads\/2024\/02\/Picsart_24-02-09_10-32-25-431-150x84.jpg?v=1715379819 150w, https:\/\/periodicolarepublica.com\/wp-content\/uploads\/2024\/02\/Picsart_24-02-09_10-32-25-431-600x338.jpg?v=1715379819 600w, https:\/\/periodicolarepublica.com\/wp-content\/uploads\/2024\/02\/Picsart_24-02-09_10-32-25-431-696x392.jpg?v=1715379819 696w, https:\/\/periodicolarepublica.com\/wp-content\/uploads\/2024\/02\/Picsart_24-02-09_10-32-25-431-1392x783.jpg?v=1715379819 1392w, https:\/\/periodicolarepublica.com\/wp-content\/uploads\/2024\/02\/Picsart_24-02-09_10-32-25-431-1068x601.jpg?v=1715379819 1068w, https:\/\/periodicolarepublica.com\/wp-content\/uploads\/2024\/02\/Picsart_24-02-09_10-32-25-431-1920x1080.jpg?v=1715379819 1920w\" sizes=\"auto, (max-width: 300px) 100vw, 300px\" \/><\/p>\n<p>El Ministerio de Econom\u00eda, Planificaci\u00f3n y Desarrollo present\u00f3 este jueves los avances en la ejecuci\u00f3n de la Estrategia de Desarrollo para la Zona Fronteriza (MiFronteraRD), que entre sus resultados destaca mayor inversi\u00f3n en las provincias de la zona, reducci\u00f3n de la pobreza con atenci\u00f3n especial a los m\u00e1s vulnerables y m\u00e1s cobertura de educaci\u00f3n y salud.<\/p>\n<p>En el acto encabezado por el presidente Luis Abinader, el ministro de Econom\u00eda P\u00e1vel Isa Contreras, explic\u00f3 que la inversi\u00f3n p\u00fablica en la frontera aument\u00f3 un 81% en el per\u00edodo 2021-2023 respecto a 2016-2019.<\/p>\n<p>Asimismo, en el acto encabezado por el presidente Luis Abinader, el ministro de Econom\u00eda, Planificaci\u00f3n y Desarrollo, P\u00e1vel Isa Contreras, y el director de Pol\u00edticas de Desarrollo de la Zona Fronteriza, Erick Dorrejo, presentaron los avances en la generaci\u00f3n de empleos, en el fomento del desarrollo productivo y en el fortalecimiento del sistema de mercados fronterizos.<\/p>\n","protected":false},"excerpt":{"rendered":"<p>El Ministerio de Econom\u00eda, Planificaci\u00f3n y Desarrollo present\u00f3 este jueves los avances en la ejecuci\u00f3n de la Estrategia de Desarrollo para la Zona Fronteriza (MiFronteraRD), que entre sus resultados destaca mayor inversi\u00f3n en las provincias de la zona, reducci\u00f3n de la pobreza con atenci\u00f3n especial a los m\u00e1s vulnerables y m\u00e1s cobertura de educaci\u00f3n y [&hellip;]<\/p>\n","protected":false},"author":1,"featured_media":371,"comment_status":"open","ping_status":"open","sticky":false,"template":"","format":"standard","meta":{"om_disable_all_campaigns":false,"_monsterinsights_skip_tracking":false,"_monsterinsights_sitenote_active":false,"_monsterinsights_sitenote_note":"","_monsterinsights_sitenote_category":0,"footnotes":""},"categories":[1],"tags":[101,103,85,102],"class_list":{"0":"post-370","1":"post","2":"type-post","3":"status-publish","4":"format-standard","5":"has-post-thumbnail","7":"category-nacionales","8":"tag-economia","9":"tag-erick-dorrejo","10":"tag-luis-abinader","11":"tag-mi-frontera"},"aioseo_notices":[],"_links":{"self":[{"href":"https:\/\/periodicolarepublica.com\/index.php\/wp-json\/wp\/v2\/posts\/370","targetHints":{"allow":["GET"]}}],"collection":[{"href":"https:\/\/periodicolarepublica.com\/index.php\/wp-json\/wp\/v2\/posts"}],"about":[{"href":"https:\/\/periodicolarepublica.com\/index.php\/wp-json\/wp\/v2\/types\/post"}],"author":[{"embeddable":true,"href":"https:\/\/periodicolarepublica.com\/index.php\/wp-json\/wp\/v2\/users\/1"}],"replies":[{"embeddable":true,"href":"https:\/\/periodicolarepublica.com\/index.php\/wp-json\/wp\/v2\/comments?post=370"}],"version-history":[{"count":1,"href":"https:\/\/periodicolarepublica.com\/index.php\/wp-json\/wp\/v2\/posts\/370\/revisions"}],"predecessor-version":[{"id":372,"href":"https:\/\/periodicolarepublica.com\/index.php\/wp-json\/wp\/v2\/posts\/370\/revisions\/372"}],"wp:featuredmedia":[{"embeddable":true,"href":"https:\/\/periodicolarepublica.com\/index.php\/wp-json\/wp\/v2\/media\/371"}],"wp:attachment":[{"href":"https:\/\/periodicolarepublica.com\/index.php\/wp-json\/wp\/v2\/media?parent=370"}],"wp:term":[{"taxonomy":"category","embeddable":true,"href":"https:\/\/periodicolarepublica.com\/index.php\/wp-json\/wp\/v2\/categories?post=370"},{"taxonomy":"post_tag","embeddable":true,"href":"https:\/\/periodicolarepublica.com\/index.php\/wp-json\/wp\/v2\/tags?post=370"}],"curies":[{"name":"wp","href":"https:\/\/api.w.org\/{rel}","templated":true}]}}