{"id":3704,"date":"2025-07-16T14:33:22","date_gmt":"2025-07-16T12:33:22","guid":{"rendered":"https:\/\/periodicolarepublica.com\/?p=3704"},"modified":"2025-07-16T14:33:22","modified_gmt":"2025-07-16T12:33:22","slug":"alexis-victoria-yeb-buena-opcion-para-presidir-el-senado","status":"publish","type":"post","link":"https:\/\/periodicolarepublica.com\/index.php\/2025\/07\/16\/alexis-victoria-yeb-buena-opcion-para-presidir-el-senado\/","title":{"rendered":"Alexis Victoria Yeb: buena opci\u00f3n para Presidir el Senado"},"content":{"rendered":"<p>El senador Alexis Victoria Yeb se perfila como una de las opciones m\u00e1s id\u00f3neas para asumir la presidencia del Senado de la Rep\u00fablica Dominicana. Su historial legislativo, su ascendencia dentro de la C\u00e1mara Alta y el contundente respaldo popular que recibi\u00f3 en las recientes elecciones lo colocan en una posici\u00f3n privilegiada para liderar esta importante instancia del poder legislativo.<\/p>\n<p>Durante su gesti\u00f3n como senador en el per\u00edodo 2020-2024, Victoria Yeb demostr\u00f3 un enfoque claro en la modernizaci\u00f3n del marco jur\u00eddico nacional. Fue pieza clave en la formulaci\u00f3n y aprobaci\u00f3n de leyes trascendentales como la Ley de Aduanas y la Ley de Comercio Mar\u00edtimo, entre otras legislaciones relevantes que hoy estructuran pilares fundamentales para el comercio, la inversi\u00f3n y la competitividad del pa\u00eds. Su trabajo no solo se limit\u00f3 a la presentaci\u00f3n de propuestas, sino que se consolid\u00f3 a trav\u00e9s de un seguimiento activo, negociaciones estrat\u00e9gicas y una firme defensa de los intereses nacionales.<\/p>\n<p>En el a\u00f1o 2023, su liderazgo dentro del Senado se consolid\u00f3 a\u00fan m\u00e1s al ser designado vocero de la bancada de su partido, un rol que desempe\u00f1\u00f3 con responsabilidad, capacidad de di\u00e1logo y sentido institucional, siendo puente entre las diversas corrientes pol\u00edticas y garantizando la fluidez de los trabajos legislativos.<\/p>\n<p>El respaldo popular a su gesti\u00f3n qued\u00f3 evidenciado en las elecciones generales de 2024, donde Alexis Victoria Yeb fue reelecto como senador por la provincia Mar\u00eda Trinidad S\u00e1nchez, logrando un resultado hist\u00f3rico: el 76% de los votos emitidos, convirti\u00e9ndose as\u00ed en el senador m\u00e1s votado en la historia electoral del pa\u00eds. Esta cifra no solo representa una victoria pol\u00edtica, sino una validaci\u00f3n del pueblo a su trabajo constante, transparente y comprometido con las necesidades reales de su comunidad.<\/p>\n<p>Hoy, con un Congreso que enfrenta grandes retos, y en medio de un panorama que requiere liderazgos firmes y visionarios, la figura de Alexis Victoria Yeb emerge como buena opci\u00f3n para presidir el Senado. Su experiencia legislativa, su capacidad de concertaci\u00f3n y su legitimidad pol\u00edtica lo convierten en el candidato id\u00f3neo para guiar con equilibrio y firmeza la C\u00e1mara Alta.<\/p>\n<p><img loading=\"lazy\" decoding=\"async\" class=\"alignnone size-medium wp-image-3705\" src=\"https:\/\/periodicolarepublica.com\/wp-content\/uploads\/2025\/07\/GaDyblXXYAAsw9--e1752669062994-300x260.jpg\" alt=\"\" width=\"300\" height=\"260\" srcset=\"https:\/\/periodicolarepublica.com\/wp-content\/uploads\/2025\/07\/GaDyblXXYAAsw9--e1752669062994-300x260.jpg 300w, https:\/\/periodicolarepublica.com\/wp-content\/uploads\/2025\/07\/GaDyblXXYAAsw9--e1752669062994-150x130.jpg 150w, https:\/\/periodicolarepublica.com\/wp-content\/uploads\/2025\/07\/GaDyblXXYAAsw9--e1752669062994-600x519.jpg 600w, https:\/\/periodicolarepublica.com\/wp-content\/uploads\/2025\/07\/GaDyblXXYAAsw9--e1752669062994-534x462.jpg 534w, https:\/\/periodicolarepublica.com\/wp-content\/uploads\/2025\/07\/GaDyblXXYAAsw9--e1752669062994.jpg 610w\" sizes=\"auto, (max-width: 300px) 100vw, 300px\" \/><\/p>\n","protected":false},"excerpt":{"rendered":"<p>El senador Alexis Victoria Yeb se perfila como una de las opciones m\u00e1s id\u00f3neas para asumir la presidencia del Senado de la Rep\u00fablica Dominicana. Su historial legislativo, su ascendencia dentro de la C\u00e1mara Alta y el contundente respaldo popular que recibi\u00f3 en las recientes elecciones lo colocan en una posici\u00f3n privilegiada para liderar esta importante [&hellip;]<\/p>\n","protected":false},"author":1,"featured_media":3705,"comment_status":"open","ping_status":"open","sticky":false,"template":"","format":"standard","meta":{"om_disable_all_campaigns":false,"_monsterinsights_skip_tracking":false,"_monsterinsights_sitenote_active":false,"_monsterinsights_sitenote_note":"","_monsterinsights_sitenote_category":0,"footnotes":""},"categories":[1],"tags":[434],"class_list":{"0":"post-3704","1":"post","2":"type-post","3":"status-publish","4":"format-standard","5":"has-post-thumbnail","7":"category-nacionales","8":"tag-alexis-victoria-yeb"},"aioseo_notices":[],"_links":{"self":[{"href":"https:\/\/periodicolarepublica.com\/index.php\/wp-json\/wp\/v2\/posts\/3704","targetHints":{"allow":["GET"]}}],"collection":[{"href":"https:\/\/periodicolarepublica.com\/index.php\/wp-json\/wp\/v2\/posts"}],"about":[{"href":"https:\/\/periodicolarepublica.com\/index.php\/wp-json\/wp\/v2\/types\/post"}],"author":[{"embeddable":true,"href":"https:\/\/periodicolarepublica.com\/index.php\/wp-json\/wp\/v2\/users\/1"}],"replies":[{"embeddable":true,"href":"https:\/\/periodicolarepublica.com\/index.php\/wp-json\/wp\/v2\/comments?post=3704"}],"version-history":[{"count":1,"href":"https:\/\/periodicolarepublica.com\/index.php\/wp-json\/wp\/v2\/posts\/3704\/revisions"}],"predecessor-version":[{"id":3706,"href":"https:\/\/periodicolarepublica.com\/index.php\/wp-json\/wp\/v2\/posts\/3704\/revisions\/3706"}],"wp:featuredmedia":[{"embeddable":true,"href":"https:\/\/periodicolarepublica.com\/index.php\/wp-json\/wp\/v2\/media\/3705"}],"wp:attachment":[{"href":"https:\/\/periodicolarepublica.com\/index.php\/wp-json\/wp\/v2\/media?parent=3704"}],"wp:term":[{"taxonomy":"category","embeddable":true,"href":"https:\/\/periodicolarepublica.com\/index.php\/wp-json\/wp\/v2\/categories?post=3704"},{"taxonomy":"post_tag","embeddable":true,"href":"https:\/\/periodicolarepublica.com\/index.php\/wp-json\/wp\/v2\/tags?post=3704"}],"curies":[{"name":"wp","href":"https:\/\/api.w.org\/{rel}","templated":true}]}}