{"id":3707,"date":"2025-07-16T17:29:00","date_gmt":"2025-07-16T15:29:00","guid":{"rendered":"https:\/\/periodicolarepublica.com\/?p=3707"},"modified":"2025-07-16T17:29:00","modified_gmt":"2025-07-16T15:29:00","slug":"arajet-lleva-su-programa-mi-primer-vuelo-a-nueva-york","status":"publish","type":"post","link":"https:\/\/periodicolarepublica.com\/index.php\/2025\/07\/16\/arajet-lleva-su-programa-mi-primer-vuelo-a-nueva-york\/","title":{"rendered":"Arajet lleva su programa \u201cMi Primer Vuelo\u201d a Nueva York"},"content":{"rendered":"<p>A trav\u00e9s de este programa la aerol\u00ednea une destinos y familias<\/p>\n<p>Santo Domingo, 16 de julio de 2025. La aerol\u00ednea dominicana Arajet realiz\u00f3 la segunda edici\u00f3n internacional de su programa de responsabilidad social \u201cMi Primer Vuelo\u201d, con el objetivo de brindar la oportunidad de volar por primera vez a personas que nunca han viajado en avi\u00f3n, permiti\u00e9ndoles vivir la experiencia de conocer otros pa\u00edses y culturas.<\/p>\n<p>&nbsp;<\/p>\n<p>En esta ocasi\u00f3n, la aerol\u00ednea fue la promotora de un emotivo reencuentro entre madre e hijo, al hacer posible que el joven de origen dominicano, Adrian Buret, visitara por primera vez la tierra natal de su madre y, lo m\u00e1s importante, se reencontrara con ella luego de siete a\u00f1os sin verse.<\/p>\n<p>Adrian y su madre, Eliana Sarmiento, disfrutaron de la belleza de Santo Domingo, incluyendo su hist\u00f3rica Zona Colonial y otros puntos emblem\u00e1ticos de la ciudad.<\/p>\n<p><img loading=\"lazy\" decoding=\"async\" class=\"alignnone size-medium wp-image-2109\" src=\"https:\/\/periodicolarepublica.com\/wp-content\/uploads\/2024\/11\/Boeing_737_Max_-_HI1101_-_Arajet-300x200.jpg\" alt=\"\" width=\"300\" height=\"200\" srcset=\"https:\/\/periodicolarepublica.com\/wp-content\/uploads\/2024\/11\/Boeing_737_Max_-_HI1101_-_Arajet-300x200.jpg?v=1731517413 300w, https:\/\/periodicolarepublica.com\/wp-content\/uploads\/2024\/11\/Boeing_737_Max_-_HI1101_-_Arajet-1024x683.jpg?v=1731517413 1024w, https:\/\/periodicolarepublica.com\/wp-content\/uploads\/2024\/11\/Boeing_737_Max_-_HI1101_-_Arajet-768x512.jpg?v=1731517413 768w, https:\/\/periodicolarepublica.com\/wp-content\/uploads\/2024\/11\/Boeing_737_Max_-_HI1101_-_Arajet-150x100.jpg?v=1731517413 150w, https:\/\/periodicolarepublica.com\/wp-content\/uploads\/2024\/11\/Boeing_737_Max_-_HI1101_-_Arajet-600x400.jpg?v=1731517413 600w, https:\/\/periodicolarepublica.com\/wp-content\/uploads\/2024\/11\/Boeing_737_Max_-_HI1101_-_Arajet-696x464.jpg?v=1731517413 696w, https:\/\/periodicolarepublica.com\/wp-content\/uploads\/2024\/11\/Boeing_737_Max_-_HI1101_-_Arajet-1068x712.jpg?v=1731517413 1068w, https:\/\/periodicolarepublica.com\/wp-content\/uploads\/2024\/11\/Boeing_737_Max_-_HI1101_-_Arajet.jpg?v=1731517413 1200w\" sizes=\"auto, (max-width: 300px) 100vw, 300px\" \/><\/p>\n","protected":false},"excerpt":{"rendered":"<p>A trav\u00e9s de este programa la aerol\u00ednea une destinos y familias Santo Domingo, 16 de julio de 2025. La aerol\u00ednea dominicana Arajet realiz\u00f3 la segunda edici\u00f3n internacional de su programa de responsabilidad social \u201cMi Primer Vuelo\u201d, con el objetivo de brindar la oportunidad de volar por primera vez a personas que nunca han viajado en [&hellip;]<\/p>\n","protected":false},"author":6,"featured_media":2109,"comment_status":"open","ping_status":"open","sticky":false,"template":"","format":"standard","meta":{"om_disable_all_campaigns":false,"_monsterinsights_skip_tracking":false,"_monsterinsights_sitenote_active":false,"_monsterinsights_sitenote_note":"","_monsterinsights_sitenote_category":0,"footnotes":""},"categories":[1],"tags":[104,435],"class_list":{"0":"post-3707","1":"post","2":"type-post","3":"status-publish","4":"format-standard","5":"has-post-thumbnail","7":"category-nacionales","8":"tag-arajet","9":"tag-arajet-airlines"},"aioseo_notices":[],"_links":{"self":[{"href":"https:\/\/periodicolarepublica.com\/index.php\/wp-json\/wp\/v2\/posts\/3707","targetHints":{"allow":["GET"]}}],"collection":[{"href":"https:\/\/periodicolarepublica.com\/index.php\/wp-json\/wp\/v2\/posts"}],"about":[{"href":"https:\/\/periodicolarepublica.com\/index.php\/wp-json\/wp\/v2\/types\/post"}],"author":[{"embeddable":true,"href":"https:\/\/periodicolarepublica.com\/index.php\/wp-json\/wp\/v2\/users\/6"}],"replies":[{"embeddable":true,"href":"https:\/\/periodicolarepublica.com\/index.php\/wp-json\/wp\/v2\/comments?post=3707"}],"version-history":[{"count":1,"href":"https:\/\/periodicolarepublica.com\/index.php\/wp-json\/wp\/v2\/posts\/3707\/revisions"}],"predecessor-version":[{"id":3708,"href":"https:\/\/periodicolarepublica.com\/index.php\/wp-json\/wp\/v2\/posts\/3707\/revisions\/3708"}],"wp:featuredmedia":[{"embeddable":true,"href":"https:\/\/periodicolarepublica.com\/index.php\/wp-json\/wp\/v2\/media\/2109"}],"wp:attachment":[{"href":"https:\/\/periodicolarepublica.com\/index.php\/wp-json\/wp\/v2\/media?parent=3707"}],"wp:term":[{"taxonomy":"category","embeddable":true,"href":"https:\/\/periodicolarepublica.com\/index.php\/wp-json\/wp\/v2\/categories?post=3707"},{"taxonomy":"post_tag","embeddable":true,"href":"https:\/\/periodicolarepublica.com\/index.php\/wp-json\/wp\/v2\/tags?post=3707"}],"curies":[{"name":"wp","href":"https:\/\/api.w.org\/{rel}","templated":true}]}}