{"id":3709,"date":"2025-07-17T16:51:24","date_gmt":"2025-07-17T14:51:24","guid":{"rendered":"https:\/\/periodicolarepublica.com\/?p=3709"},"modified":"2025-07-17T16:51:24","modified_gmt":"2025-07-17T14:51:24","slug":"fideicomiso-punta-bergantin-firma-acuerdo-con-intec-para-estudio-de-impacto-economico-en-villa-montellano","status":"publish","type":"post","link":"https:\/\/periodicolarepublica.com\/index.php\/2025\/07\/17\/fideicomiso-punta-bergantin-firma-acuerdo-con-intec-para-estudio-de-impacto-economico-en-villa-montellano\/","title":{"rendered":"Fideicomiso Punta Bergant\u00edn firma acuerdo con INTEC para estudio de impacto econ\u00f3mico en Villa Montellano"},"content":{"rendered":"<p>La propuesta impactar\u00e1 la din\u00e1mica socioecon\u00f3mica de la zona.<\/p>\n<p>SANTO DOMINGO. \u2013 El proyecto Punta Bergant\u00edn firma un acuerdo con el Instituto Tecnol\u00f3gico de Santo Domingo, INTEC, para formalizar la contrataci\u00f3n del estudio sobre el impacto econ\u00f3mico que recibir\u00e1 el municipio de Villa Montellano, con el desarrollo de la propuesta tur\u00edstica e inmobiliaria.<\/p>\n<p>El acto encabezado por la rectora en funciones del INTEC, Alliet Ortega Rabassa, y el director ejecutivo del proyecto Punta Bergant\u00edn, Andr\u00e9s Marranzini Grull\u00f3n, cont\u00f3 adem\u00e1s con autoridades y representantes de dichas instituciones, donde se dio a conocer el contrato de servicios de esta investigaci\u00f3n, fruto de un proceso de licitaci\u00f3n en el que INTEC, particip\u00f3 y result\u00f3 adjudicatario.<\/p>\n<p><img loading=\"lazy\" decoding=\"async\" class=\"alignnone size-medium wp-image-3710\" src=\"https:\/\/periodicolarepublica.com\/wp-content\/uploads\/2025\/07\/Alliet-Ortega-Rabassa-y-Andres-Marranzini-Grullon-scaled-e1752763752459-300x222.jpg\" alt=\"\" width=\"300\" height=\"222\" srcset=\"https:\/\/periodicolarepublica.com\/wp-content\/uploads\/2025\/07\/Alliet-Ortega-Rabassa-y-Andres-Marranzini-Grullon-scaled-e1752763752459-300x222.jpg 300w, https:\/\/periodicolarepublica.com\/wp-content\/uploads\/2025\/07\/Alliet-Ortega-Rabassa-y-Andres-Marranzini-Grullon-scaled-e1752763752459-1024x759.jpg 1024w, https:\/\/periodicolarepublica.com\/wp-content\/uploads\/2025\/07\/Alliet-Ortega-Rabassa-y-Andres-Marranzini-Grullon-scaled-e1752763752459-768x569.jpg 768w, https:\/\/periodicolarepublica.com\/wp-content\/uploads\/2025\/07\/Alliet-Ortega-Rabassa-y-Andres-Marranzini-Grullon-scaled-e1752763752459-1536x1138.jpg 1536w, https:\/\/periodicolarepublica.com\/wp-content\/uploads\/2025\/07\/Alliet-Ortega-Rabassa-y-Andres-Marranzini-Grullon-scaled-e1752763752459-150x111.jpg 150w, https:\/\/periodicolarepublica.com\/wp-content\/uploads\/2025\/07\/Alliet-Ortega-Rabassa-y-Andres-Marranzini-Grullon-scaled-e1752763752459-600x445.jpg 600w, https:\/\/periodicolarepublica.com\/wp-content\/uploads\/2025\/07\/Alliet-Ortega-Rabassa-y-Andres-Marranzini-Grullon-scaled-e1752763752459-485x360.jpg 485w, https:\/\/periodicolarepublica.com\/wp-content\/uploads\/2025\/07\/Alliet-Ortega-Rabassa-y-Andres-Marranzini-Grullon-scaled-e1752763752459-970x720.jpg 970w, https:\/\/periodicolarepublica.com\/wp-content\/uploads\/2025\/07\/Alliet-Ortega-Rabassa-y-Andres-Marranzini-Grullon-scaled-e1752763752459-696x516.jpg 696w, https:\/\/periodicolarepublica.com\/wp-content\/uploads\/2025\/07\/Alliet-Ortega-Rabassa-y-Andres-Marranzini-Grullon-scaled-e1752763752459-1392x1032.jpg 1392w, https:\/\/periodicolarepublica.com\/wp-content\/uploads\/2025\/07\/Alliet-Ortega-Rabassa-y-Andres-Marranzini-Grullon-scaled-e1752763752459-1068x792.jpg 1068w, https:\/\/periodicolarepublica.com\/wp-content\/uploads\/2025\/07\/Alliet-Ortega-Rabassa-y-Andres-Marranzini-Grullon-scaled-e1752763752459.jpg 1700w\" sizes=\"auto, (max-width: 300px) 100vw, 300px\" \/><\/p>\n","protected":false},"excerpt":{"rendered":"<p>La propuesta impactar\u00e1 la din\u00e1mica socioecon\u00f3mica de la zona. SANTO DOMINGO. \u2013 El proyecto Punta Bergant\u00edn firma un acuerdo con el Instituto Tecnol\u00f3gico de Santo Domingo, INTEC, para formalizar la contrataci\u00f3n del estudio sobre el impacto econ\u00f3mico que recibir\u00e1 el municipio de Villa Montellano, con el desarrollo de la propuesta tur\u00edstica e inmobiliaria. El acto [&hellip;]<\/p>\n","protected":false},"author":6,"featured_media":3710,"comment_status":"open","ping_status":"open","sticky":false,"template":"","format":"standard","meta":{"om_disable_all_campaigns":false,"_monsterinsights_skip_tracking":false,"_monsterinsights_sitenote_active":false,"_monsterinsights_sitenote_note":"","_monsterinsights_sitenote_category":0,"footnotes":""},"categories":[1],"tags":[436],"class_list":{"0":"post-3709","1":"post","2":"type-post","3":"status-publish","4":"format-standard","5":"has-post-thumbnail","7":"category-nacionales","8":"tag-punta-bergantin"},"aioseo_notices":[],"_links":{"self":[{"href":"https:\/\/periodicolarepublica.com\/index.php\/wp-json\/wp\/v2\/posts\/3709","targetHints":{"allow":["GET"]}}],"collection":[{"href":"https:\/\/periodicolarepublica.com\/index.php\/wp-json\/wp\/v2\/posts"}],"about":[{"href":"https:\/\/periodicolarepublica.com\/index.php\/wp-json\/wp\/v2\/types\/post"}],"author":[{"embeddable":true,"href":"https:\/\/periodicolarepublica.com\/index.php\/wp-json\/wp\/v2\/users\/6"}],"replies":[{"embeddable":true,"href":"https:\/\/periodicolarepublica.com\/index.php\/wp-json\/wp\/v2\/comments?post=3709"}],"version-history":[{"count":1,"href":"https:\/\/periodicolarepublica.com\/index.php\/wp-json\/wp\/v2\/posts\/3709\/revisions"}],"predecessor-version":[{"id":3711,"href":"https:\/\/periodicolarepublica.com\/index.php\/wp-json\/wp\/v2\/posts\/3709\/revisions\/3711"}],"wp:featuredmedia":[{"embeddable":true,"href":"https:\/\/periodicolarepublica.com\/index.php\/wp-json\/wp\/v2\/media\/3710"}],"wp:attachment":[{"href":"https:\/\/periodicolarepublica.com\/index.php\/wp-json\/wp\/v2\/media?parent=3709"}],"wp:term":[{"taxonomy":"category","embeddable":true,"href":"https:\/\/periodicolarepublica.com\/index.php\/wp-json\/wp\/v2\/categories?post=3709"},{"taxonomy":"post_tag","embeddable":true,"href":"https:\/\/periodicolarepublica.com\/index.php\/wp-json\/wp\/v2\/tags?post=3709"}],"curies":[{"name":"wp","href":"https:\/\/api.w.org\/{rel}","templated":true}]}}