{"id":3716,"date":"2025-07-17T20:23:09","date_gmt":"2025-07-17T18:23:09","guid":{"rendered":"https:\/\/periodicolarepublica.com\/?p=3716"},"modified":"2025-07-17T20:23:09","modified_gmt":"2025-07-17T18:23:09","slug":"tomas-hernandez-el-presidente-abinader-esta-sembrando-desarrollo-donde-antes-solo-habia-promesas","status":"publish","type":"post","link":"https:\/\/periodicolarepublica.com\/index.php\/2025\/07\/17\/tomas-hernandez-el-presidente-abinader-esta-sembrando-desarrollo-donde-antes-solo-habia-promesas\/","title":{"rendered":"Tom\u00e1s Hern\u00e1ndez: \u201cEl presidente Abinader est\u00e1 sembrando desarrollo donde antes solo hab\u00eda promesas\u201d"},"content":{"rendered":"<p>Santo Domingo, R.D. \u2013 El ingeniero agr\u00f3nomo Tom\u00e1s Hern\u00e1ndez Alberto afirm\u00f3 este jueves que el presidente Luis Abinader ha demostrado en estos primeros 11 meses de su segundo mandato un firme liderazgo enfocado en el desarrollo nacional, el bienestar del pueblo y la profundizaci\u00f3n del cambio prometido.<\/p>\n<p>&nbsp;<\/p>\n<p>Durante su participaci\u00f3n en el programa Power FM en Santo Domingo, Hern\u00e1ndez elogi\u00f3 los avances del gobierno y la gran cantidad de obras de alto impacto que se est\u00e1n ejecutando y entregando en todo el pa\u00eds. \u201cEste gobierno va muy bien. Est\u00e1 resolviendo los problemas que por a\u00f1os afectaron al pueblo dominicano. Por eso el pueblo confi\u00f3 de nuevo en Luis Abinader, y no se ha equivocado\u201d, expres\u00f3.<\/p>\n<p>&nbsp;<\/p>\n<p>Resalt\u00f3 la hist\u00f3rica transformaci\u00f3n que vive la provincia de Santiago con la construcci\u00f3n del monorriel, el telef\u00e9rico, la ampliaci\u00f3n de avenidas, y la mejora del sistema vial. \u201cEs una revoluci\u00f3n de obras. Santiago est\u00e1 cambiando para siempre gracias a un presidente que cumple\u201d, dijo.<\/p>\n<p>&nbsp;<\/p>\n<p>En Santo Domingo, mencion\u00f3 la imponente obra que se construye en el sector Pintura, calific\u00e1ndola como \u201cuna soluci\u00f3n fenomenal al caos vial de esa zona\u201d, as\u00ed como m\u00faltiples entregas de escuelas, hospitales, puentes, acueductos, centros deportivos y mercados que han transformado comunidades.<\/p>\n<p>&nbsp;<\/p>\n<p>\u201cEl presidente entrega obras todas las semanas. Las tijeras no descansan, el cambio se ve, se siente y lo vive la gente en cada provincia\u201d, afirm\u00f3.<\/p>\n<p>&nbsp;<\/p>\n<p>Sobre la oposici\u00f3n, indic\u00f3 que \u201csu papel es criticar, pero lo que no pueden ocultar es que este gobierno trabaja con honestidad, con resultados visibles y cercan\u00eda con el pueblo. Eso les duele, porque pensaron que eran los \u00fanicos capaces de gobernar\u201d.<\/p>\n<p>&nbsp;<\/p>\n<p>En relaci\u00f3n al sector agropecuario, se\u00f1al\u00f3 que el campo dominicano est\u00e1 avanzando, gracias al respaldo del presidente Abinader, aunque reconoci\u00f3 que a\u00fan hay \u00e1reas que deben seguir fortaleci\u00e9ndose. \u201cVamos por buen camino. Hay voluntad pol\u00edtica, recursos y visi\u00f3n para seguir impulsando el desarrollo rural\u201d.<\/p>\n<p>&nbsp;<\/p>\n<p>Finalmente, Hern\u00e1ndez concluy\u00f3 diciendo: \u201cEste es un gobierno de obras, de compromiso con la gente, de cercan\u00eda con el pueblo. Luis Abinader ha demostrado que cuando se gobierna con transparencia y amor por la patria, se puede transformar un pa\u00eds\u201d.<img loading=\"lazy\" decoding=\"async\" class=\"size-medium wp-image-3717 alignright\" src=\"https:\/\/periodicolarepublica.com\/wp-content\/uploads\/2025\/07\/AHORA-\u2600\ufe0f-Tomas-Hernandez-Alberto-presidente-del-movimiento-@poder_palpueblo-Nos-cuenta-del-erro-300x300.jpg\" alt=\"\" width=\"300\" height=\"300\" srcset=\"https:\/\/periodicolarepublica.com\/wp-content\/uploads\/2025\/07\/AHORA-\u2600\ufe0f-Tomas-Hernandez-Alberto-presidente-del-movimiento-@poder_palpueblo-Nos-cuenta-del-erro-300x300.jpg?v=1752776556 300w, https:\/\/periodicolarepublica.com\/wp-content\/uploads\/2025\/07\/AHORA-\u2600\ufe0f-Tomas-Hernandez-Alberto-presidente-del-movimiento-@poder_palpueblo-Nos-cuenta-del-erro-1024x1024.jpg?v=1752776556 1024w, https:\/\/periodicolarepublica.com\/wp-content\/uploads\/2025\/07\/AHORA-\u2600\ufe0f-Tomas-Hernandez-Alberto-presidente-del-movimiento-@poder_palpueblo-Nos-cuenta-del-erro-150x150.jpg?v=1752776556 150w, https:\/\/periodicolarepublica.com\/wp-content\/uploads\/2025\/07\/AHORA-\u2600\ufe0f-Tomas-Hernandez-Alberto-presidente-del-movimiento-@poder_palpueblo-Nos-cuenta-del-erro-768x768.jpg?v=1752776556 768w, https:\/\/periodicolarepublica.com\/wp-content\/uploads\/2025\/07\/AHORA-\u2600\ufe0f-Tomas-Hernandez-Alberto-presidente-del-movimiento-@poder_palpueblo-Nos-cuenta-del-erro-600x600.jpg?v=1752776556 600w, https:\/\/periodicolarepublica.com\/wp-content\/uploads\/2025\/07\/AHORA-\u2600\ufe0f-Tomas-Hernandez-Alberto-presidente-del-movimiento-@poder_palpueblo-Nos-cuenta-del-erro-696x696.jpg?v=1752776556 696w, https:\/\/periodicolarepublica.com\/wp-content\/uploads\/2025\/07\/AHORA-\u2600\ufe0f-Tomas-Hernandez-Alberto-presidente-del-movimiento-@poder_palpueblo-Nos-cuenta-del-erro-1068x1068.jpg?v=1752776556 1068w, https:\/\/periodicolarepublica.com\/wp-content\/uploads\/2025\/07\/AHORA-\u2600\ufe0f-Tomas-Hernandez-Alberto-presidente-del-movimiento-@poder_palpueblo-Nos-cuenta-del-erro.jpg?v=1752776556 1080w\" sizes=\"auto, (max-width: 300px) 100vw, 300px\" \/><\/p>\n","protected":false},"excerpt":{"rendered":"<p>Santo Domingo, R.D. \u2013 El ingeniero agr\u00f3nomo Tom\u00e1s Hern\u00e1ndez Alberto afirm\u00f3 este jueves que el presidente Luis Abinader ha demostrado en estos primeros 11 meses de su segundo mandato un firme liderazgo enfocado en el desarrollo nacional, el bienestar del pueblo y la profundizaci\u00f3n del cambio prometido. &nbsp; Durante su participaci\u00f3n en el programa Power [&hellip;]<\/p>\n","protected":false},"author":10,"featured_media":3717,"comment_status":"open","ping_status":"open","sticky":false,"template":"","format":"standard","meta":{"om_disable_all_campaigns":false,"_monsterinsights_skip_tracking":false,"_monsterinsights_sitenote_active":false,"_monsterinsights_sitenote_note":"","_monsterinsights_sitenote_category":0,"footnotes":""},"categories":[1],"tags":[163],"class_list":{"0":"post-3716","1":"post","2":"type-post","3":"status-publish","4":"format-standard","5":"has-post-thumbnail","7":"category-nacionales","8":"tag-tomas-hernandez-alberto"},"aioseo_notices":[],"_links":{"self":[{"href":"https:\/\/periodicolarepublica.com\/index.php\/wp-json\/wp\/v2\/posts\/3716","targetHints":{"allow":["GET"]}}],"collection":[{"href":"https:\/\/periodicolarepublica.com\/index.php\/wp-json\/wp\/v2\/posts"}],"about":[{"href":"https:\/\/periodicolarepublica.com\/index.php\/wp-json\/wp\/v2\/types\/post"}],"author":[{"embeddable":true,"href":"https:\/\/periodicolarepublica.com\/index.php\/wp-json\/wp\/v2\/users\/10"}],"replies":[{"embeddable":true,"href":"https:\/\/periodicolarepublica.com\/index.php\/wp-json\/wp\/v2\/comments?post=3716"}],"version-history":[{"count":1,"href":"https:\/\/periodicolarepublica.com\/index.php\/wp-json\/wp\/v2\/posts\/3716\/revisions"}],"predecessor-version":[{"id":3718,"href":"https:\/\/periodicolarepublica.com\/index.php\/wp-json\/wp\/v2\/posts\/3716\/revisions\/3718"}],"wp:featuredmedia":[{"embeddable":true,"href":"https:\/\/periodicolarepublica.com\/index.php\/wp-json\/wp\/v2\/media\/3717"}],"wp:attachment":[{"href":"https:\/\/periodicolarepublica.com\/index.php\/wp-json\/wp\/v2\/media?parent=3716"}],"wp:term":[{"taxonomy":"category","embeddable":true,"href":"https:\/\/periodicolarepublica.com\/index.php\/wp-json\/wp\/v2\/categories?post=3716"},{"taxonomy":"post_tag","embeddable":true,"href":"https:\/\/periodicolarepublica.com\/index.php\/wp-json\/wp\/v2\/tags?post=3716"}],"curies":[{"name":"wp","href":"https:\/\/api.w.org\/{rel}","templated":true}]}}