{"id":3722,"date":"2025-07-18T00:46:18","date_gmt":"2025-07-17T22:46:18","guid":{"rendered":"https:\/\/periodicolarepublica.com\/?p=3722"},"modified":"2025-07-18T00:54:00","modified_gmt":"2025-07-17T22:54:00","slug":"promipyme-sigue-impulsando-crecimiento-de-mipymes","status":"publish","type":"post","link":"https:\/\/periodicolarepublica.com\/index.php\/2025\/07\/18\/promipyme-sigue-impulsando-crecimiento-de-mipymes\/","title":{"rendered":"PROMIPYME sigue impulsando crecimiento de MIPYMES"},"content":{"rendered":"<p>Bajo la direcci\u00f3n de Fabricio G\u00f3mez Mazara, el Consejo Nacional de Promoci\u00f3n y Apoyo a la Micro, Peque\u00f1a y Mediana Empresa (PROMIPYME) ha intensificado su compromiso con el fortalecimiento del sector MIPYMES en la Rep\u00fablica Dominicana, consolid\u00e1ndose como un eje estrat\u00e9gico del desarrollo econ\u00f3mico y la inclusi\u00f3n financiera.<\/p>\n<p>Durante su gesti\u00f3n, PROMIPYME ha dinamizado la colocaci\u00f3n de cr\u00e9ditos a tasas preferenciales, priorizando a emprendedores, mujeres y j\u00f3venes en condiciones de vulnerabilidad. Adem\u00e1s, ha ampliado su alcance territorial, llevando asistencia t\u00e9cnica, capacitaciones y financiamiento a zonas que hist\u00f3ricamente hab\u00edan estado al margen del ecosistema empresarial.<\/p>\n<p>G\u00f3mez Mazara ha resaltado que el enfoque de la instituci\u00f3n es generar autonom\u00eda productiva, formalizaci\u00f3n y sostenibilidad para miles de negocios, lo que a su vez impacta positivamente en la generaci\u00f3n de empleos y en la dinamizaci\u00f3n de las econom\u00edas locales.<\/p>\n<p>Este impulso renovado posiciona al PROMIPYME como un motor clave en la recuperaci\u00f3n econ\u00f3mica postpandemia, reafirmando su rol como aliado estrat\u00e9gico del emprendimiento nacional.<\/p>\n<p><img loading=\"lazy\" decoding=\"async\" class=\"alignnone size-medium wp-image-3723\" src=\"https:\/\/periodicolarepublica.com\/wp-content\/uploads\/2025\/07\/IMG_20250717_184054-e1752792341270-300x245.jpg\" alt=\"\" width=\"300\" height=\"245\" srcset=\"https:\/\/periodicolarepublica.com\/wp-content\/uploads\/2025\/07\/IMG_20250717_184054-e1752792341270-300x245.jpg 300w, https:\/\/periodicolarepublica.com\/wp-content\/uploads\/2025\/07\/IMG_20250717_184054-e1752792341270-150x122.jpg 150w, https:\/\/periodicolarepublica.com\/wp-content\/uploads\/2025\/07\/IMG_20250717_184054-e1752792341270.jpg 450w\" sizes=\"auto, (max-width: 300px) 100vw, 300px\" \/><\/p>\n<p>&nbsp;<\/p>\n","protected":false},"excerpt":{"rendered":"<p>Bajo la direcci\u00f3n de Fabricio G\u00f3mez Mazara, el Consejo Nacional de Promoci\u00f3n y Apoyo a la Micro, Peque\u00f1a y Mediana Empresa (PROMIPYME) ha intensificado su compromiso con el fortalecimiento del sector MIPYMES en la Rep\u00fablica Dominicana, consolid\u00e1ndose como un eje estrat\u00e9gico del desarrollo econ\u00f3mico y la inclusi\u00f3n financiera. Durante su gesti\u00f3n, PROMIPYME ha dinamizado la [&hellip;]<\/p>\n","protected":false},"author":1,"featured_media":3723,"comment_status":"open","ping_status":"open","sticky":false,"template":"","format":"standard","meta":{"om_disable_all_campaigns":false,"_monsterinsights_skip_tracking":false,"_monsterinsights_sitenote_active":false,"_monsterinsights_sitenote_note":"","_monsterinsights_sitenote_category":0,"footnotes":""},"categories":[1],"tags":[437],"class_list":{"0":"post-3722","1":"post","2":"type-post","3":"status-publish","4":"format-standard","5":"has-post-thumbnail","7":"category-nacionales","8":"tag-promipyme"},"aioseo_notices":[],"_links":{"self":[{"href":"https:\/\/periodicolarepublica.com\/index.php\/wp-json\/wp\/v2\/posts\/3722","targetHints":{"allow":["GET"]}}],"collection":[{"href":"https:\/\/periodicolarepublica.com\/index.php\/wp-json\/wp\/v2\/posts"}],"about":[{"href":"https:\/\/periodicolarepublica.com\/index.php\/wp-json\/wp\/v2\/types\/post"}],"author":[{"embeddable":true,"href":"https:\/\/periodicolarepublica.com\/index.php\/wp-json\/wp\/v2\/users\/1"}],"replies":[{"embeddable":true,"href":"https:\/\/periodicolarepublica.com\/index.php\/wp-json\/wp\/v2\/comments?post=3722"}],"version-history":[{"count":1,"href":"https:\/\/periodicolarepublica.com\/index.php\/wp-json\/wp\/v2\/posts\/3722\/revisions"}],"predecessor-version":[{"id":3724,"href":"https:\/\/periodicolarepublica.com\/index.php\/wp-json\/wp\/v2\/posts\/3722\/revisions\/3724"}],"wp:featuredmedia":[{"embeddable":true,"href":"https:\/\/periodicolarepublica.com\/index.php\/wp-json\/wp\/v2\/media\/3723"}],"wp:attachment":[{"href":"https:\/\/periodicolarepublica.com\/index.php\/wp-json\/wp\/v2\/media?parent=3722"}],"wp:term":[{"taxonomy":"category","embeddable":true,"href":"https:\/\/periodicolarepublica.com\/index.php\/wp-json\/wp\/v2\/categories?post=3722"},{"taxonomy":"post_tag","embeddable":true,"href":"https:\/\/periodicolarepublica.com\/index.php\/wp-json\/wp\/v2\/tags?post=3722"}],"curies":[{"name":"wp","href":"https:\/\/api.w.org\/{rel}","templated":true}]}}