{"id":3726,"date":"2025-07-18T02:43:05","date_gmt":"2025-07-18T00:43:05","guid":{"rendered":"https:\/\/periodicolarepublica.com\/?p=3726"},"modified":"2025-07-18T02:44:20","modified_gmt":"2025-07-18T00:44:20","slug":"omar-fernandez-solicita-al-senado-que-se-realicen-vistas-publica-al-proyecto-de-ley-de-contrataciones-publicas-al-igual-que-lo-hiciera-la-asociacion-de-contratistas","status":"publish","type":"post","link":"https:\/\/periodicolarepublica.com\/index.php\/2025\/07\/18\/omar-fernandez-solicita-al-senado-que-se-realicen-vistas-publica-al-proyecto-de-ley-de-contrataciones-publicas-al-igual-que-lo-hiciera-la-asociacion-de-contratistas\/","title":{"rendered":"Omar Fern\u00e1ndez solicita al Senado que se realicen vistas p\u00fablica al proyecto de Ley de Contrataciones P\u00fablicas al igual que lo hiciera la Asociaci\u00f3n de Contratistas"},"content":{"rendered":"<p><img loading=\"lazy\" decoding=\"async\" class=\"size-medium wp-image-3729 alignright\" src=\"https:\/\/periodicolarepublica.com\/wp-content\/uploads\/2025\/07\/IMG-20250717-WA0751-254x300.jpg\" alt=\"\" width=\"254\" height=\"300\" srcset=\"https:\/\/periodicolarepublica.com\/wp-content\/uploads\/2025\/07\/IMG-20250717-WA0751-254x300.jpg?v=1752799428 254w, https:\/\/periodicolarepublica.com\/wp-content\/uploads\/2025\/07\/IMG-20250717-WA0751-868x1024.jpg?v=1752799428 868w, https:\/\/periodicolarepublica.com\/wp-content\/uploads\/2025\/07\/IMG-20250717-WA0751-768x906.jpg?v=1752799428 768w, https:\/\/periodicolarepublica.com\/wp-content\/uploads\/2025\/07\/IMG-20250717-WA0751-150x177.jpg?v=1752799428 150w, https:\/\/periodicolarepublica.com\/wp-content\/uploads\/2025\/07\/IMG-20250717-WA0751-300x354.jpg?v=1752799428 300w, https:\/\/periodicolarepublica.com\/wp-content\/uploads\/2025\/07\/IMG-20250717-WA0751-600x708.jpg?v=1752799428 600w, https:\/\/periodicolarepublica.com\/wp-content\/uploads\/2025\/07\/IMG-20250717-WA0751-696x821.jpg?v=1752799428 696w, https:\/\/periodicolarepublica.com\/wp-content\/uploads\/2025\/07\/IMG-20250717-WA0751-1068x1260.jpg?v=1752799428 1068w, https:\/\/periodicolarepublica.com\/wp-content\/uploads\/2025\/07\/IMG-20250717-WA0751.jpg?v=1752799428 1284w\" sizes=\"auto, (max-width: 254px) 100vw, 254px\" \/>El senador del Distrito Nacional por la Fuerza del Pueblo, Omar Fern\u00e1ndez, solicit\u00f3 ante sus hom\u00f3logos del Senado de la Rep\u00fablica que se puedan realiza un proceso de vistas p\u00fablicas una vez cada semana al proyecto de Ley de Contrataciones P\u00fablicas, solicitud que coincide con la realizada en d\u00edas anteriores por la Asociaci\u00f3n de Contratistas y Suplidores de la Rep\u00fablica Dominicana (ACS).<\/p>\n<p>&nbsp;<\/p>\n<p>\u201cYo creo que en nada afecta que se pueda convocar a vistas p\u00fablicas la semana que viene un d\u00eda, esta ley impacta a los veedores, contratistas, suplidores, a los auditores y a todo el que contrata con el Estado, yo creo que no est\u00e1 dem\u00e1s que ellos sepan y est\u00e9n enterados primero\u201d, expres\u00f3 Fern\u00e1ndez, durante la sesi\u00f3n de hoy en la C\u00e1mara Alta.<\/p>\n<p>&nbsp;<\/p>\n<p>Igualmente, dijo que es importante que las partes interesadas deban estar enteradas de qu\u00e9 es lo que viene de la C\u00e1mara de Diputados, ya que asegur\u00f3 es diferente a lo que sale desde el Senado.<\/p>\n<p>&nbsp;<\/p>\n<p>\u201cEllos (la ACS), notificaron a la propia comisi\u00f3n con una comunicaci\u00f3n que la tengo aqu\u00ed, pidiendo por favor ser escuchados\u201d, acot\u00f3 el senador.<\/p>\n<p>&nbsp;<\/p>\n<p>Fern\u00e1ndez puntualiz\u00f3 en que si se estaba trabajando en extender la legislatura por m\u00e1s tiempo para conocer leyes importantes como el C\u00f3digo Penal, C\u00f3digo Labora, la Ley de Compras y Contrataciones, entre otras, no ve\u00eda el por qu\u00e9 no se le pod\u00eda dedicar un solo d\u00eda de la pr\u00f3xima semana a este proyecto de ley para que este gremio sea escuchado.<\/p>\n<p>&nbsp;<\/p>\n<p>\u201cMe parece que no afecta en nada, todo lo contrario, si algo debo decir yo aqu\u00ed es que la prisa es mala consejera\u201d, asever\u00f3 el congresista.<\/p>\n<p>&nbsp;<\/p>\n<p>Fern\u00e1ndez hizo una exhortaci\u00f3n a los dem\u00e1s senadores presentes a que exista la posibilidad que previo a una segunda lectura del proyecto, ya sea que se apruebe en comisi\u00f3n o el m\u00e9todo que se elija, se otorgue un d\u00eda de la semana entrante a escuchar al pueblo.<\/p>\n<p>&nbsp;<\/p>\n<p>Finaliz\u00f3 su participaci\u00f3n diciendo que se debe escuchar al pueblo, a los que son contratistas, suplidores y oferentes, quienes resalt\u00f3 que hacen vida contractual con el Estado dominicano, para que estos incluso puedan presentar sus inquietudes y propuestas de mejora, ya que el Congreso se merece sacar leyes que vayan adecuadas a lo que requiere el pueblo dominicano.<img loading=\"lazy\" decoding=\"async\" class=\"size-medium wp-image-3727 alignright\" src=\"https:\/\/periodicolarepublica.com\/wp-content\/uploads\/2025\/07\/IMG-20250717-WA0751-e1752799370983-300x211.jpg\" alt=\"\" width=\"300\" height=\"211\" \/>l<\/p>\n","protected":false},"excerpt":{"rendered":"<p>El senador del Distrito Nacional por la Fuerza del Pueblo, Omar Fern\u00e1ndez, solicit\u00f3 ante sus hom\u00f3logos del Senado de la Rep\u00fablica que se puedan realiza un proceso de vistas p\u00fablicas una vez cada semana al proyecto de Ley de Contrataciones P\u00fablicas, solicitud que coincide con la realizada en d\u00edas anteriores por la Asociaci\u00f3n de Contratistas [&hellip;]<\/p>\n","protected":false},"author":10,"featured_media":3729,"comment_status":"open","ping_status":"open","sticky":false,"template":"","format":"standard","meta":{"om_disable_all_campaigns":false,"_monsterinsights_skip_tracking":false,"_monsterinsights_sitenote_active":false,"_monsterinsights_sitenote_note":"","_monsterinsights_sitenote_category":0,"footnotes":""},"categories":[1],"tags":[],"class_list":{"0":"post-3726","1":"post","2":"type-post","3":"status-publish","4":"format-standard","5":"has-post-thumbnail","7":"category-nacionales"},"aioseo_notices":[],"_links":{"self":[{"href":"https:\/\/periodicolarepublica.com\/index.php\/wp-json\/wp\/v2\/posts\/3726","targetHints":{"allow":["GET"]}}],"collection":[{"href":"https:\/\/periodicolarepublica.com\/index.php\/wp-json\/wp\/v2\/posts"}],"about":[{"href":"https:\/\/periodicolarepublica.com\/index.php\/wp-json\/wp\/v2\/types\/post"}],"author":[{"embeddable":true,"href":"https:\/\/periodicolarepublica.com\/index.php\/wp-json\/wp\/v2\/users\/10"}],"replies":[{"embeddable":true,"href":"https:\/\/periodicolarepublica.com\/index.php\/wp-json\/wp\/v2\/comments?post=3726"}],"version-history":[{"count":2,"href":"https:\/\/periodicolarepublica.com\/index.php\/wp-json\/wp\/v2\/posts\/3726\/revisions"}],"predecessor-version":[{"id":3730,"href":"https:\/\/periodicolarepublica.com\/index.php\/wp-json\/wp\/v2\/posts\/3726\/revisions\/3730"}],"wp:featuredmedia":[{"embeddable":true,"href":"https:\/\/periodicolarepublica.com\/index.php\/wp-json\/wp\/v2\/media\/3729"}],"wp:attachment":[{"href":"https:\/\/periodicolarepublica.com\/index.php\/wp-json\/wp\/v2\/media?parent=3726"}],"wp:term":[{"taxonomy":"category","embeddable":true,"href":"https:\/\/periodicolarepublica.com\/index.php\/wp-json\/wp\/v2\/categories?post=3726"},{"taxonomy":"post_tag","embeddable":true,"href":"https:\/\/periodicolarepublica.com\/index.php\/wp-json\/wp\/v2\/tags?post=3726"}],"curies":[{"name":"wp","href":"https:\/\/api.w.org\/{rel}","templated":true}]}}