{"id":373,"date":"2024-02-12T00:33:26","date_gmt":"2024-02-11T23:33:26","guid":{"rendered":"https:\/\/periodicolarepublica.com\/?p=373"},"modified":"2024-02-12T00:37:17","modified_gmt":"2024-02-11T23:37:17","slug":"aerolinea-arajet-con-grandes-cifras-en-movilidad-de-pasajeros","status":"publish","type":"post","link":"https:\/\/periodicolarepublica.com\/index.php\/2024\/02\/12\/aerolinea-arajet-con-grandes-cifras-en-movilidad-de-pasajeros\/","title":{"rendered":"Aerol\u00ednea ARAJET lider en movilidad de pasajeros"},"content":{"rendered":"<p><img loading=\"lazy\" decoding=\"async\" class=\"alignnone size-medium wp-image-374\" src=\"https:\/\/periodicolarepublica.com\/wp-content\/uploads\/2024\/02\/Picsart_24-02-11_19-02-24-759-300x150.jpg\" alt=\"\" width=\"300\" height=\"150\" srcset=\"https:\/\/periodicolarepublica.com\/wp-content\/uploads\/2024\/02\/Picsart_24-02-11_19-02-24-759-300x150.jpg?v=1715379819 300w, https:\/\/periodicolarepublica.com\/wp-content\/uploads\/2024\/02\/Picsart_24-02-11_19-02-24-759-1024x512.jpg?v=1715379819 1024w, https:\/\/periodicolarepublica.com\/wp-content\/uploads\/2024\/02\/Picsart_24-02-11_19-02-24-759-768x384.jpg?v=1715379819 768w, https:\/\/periodicolarepublica.com\/wp-content\/uploads\/2024\/02\/Picsart_24-02-11_19-02-24-759-1536x768.jpg?v=1715379819 1536w, https:\/\/periodicolarepublica.com\/wp-content\/uploads\/2024\/02\/Picsart_24-02-11_19-02-24-759-2048x1024.jpg?v=1715379819 2048w, https:\/\/periodicolarepublica.com\/wp-content\/uploads\/2024\/02\/Picsart_24-02-11_19-02-24-759-150x75.jpg?v=1715379819 150w, https:\/\/periodicolarepublica.com\/wp-content\/uploads\/2024\/02\/Picsart_24-02-11_19-02-24-759-600x300.jpg?v=1715379819 600w, https:\/\/periodicolarepublica.com\/wp-content\/uploads\/2024\/02\/Picsart_24-02-11_19-02-24-759-696x348.jpg?v=1715379819 696w, https:\/\/periodicolarepublica.com\/wp-content\/uploads\/2024\/02\/Picsart_24-02-11_19-02-24-759-1392x696.jpg?v=1715379819 1392w, https:\/\/periodicolarepublica.com\/wp-content\/uploads\/2024\/02\/Picsart_24-02-11_19-02-24-759-1068x534.jpg?v=1715379819 1068w, https:\/\/periodicolarepublica.com\/wp-content\/uploads\/2024\/02\/Picsart_24-02-11_19-02-24-759-1920x960.jpg?v=1715379819 1920w\" sizes=\"auto, (max-width: 300px) 100vw, 300px\" \/><\/p>\n<p>La aerol\u00ednea dominicana Arajet sigue siendo lider en la movilidad de pasajeros, y este mes de enero fue el de mejor ocupaci\u00f3n en sus vuelos, con un promedio que super\u00f3 por primera vez el 80% , como lo estableci\u00f3 el informe de pasajeros de la Junta de Aviaci\u00f3n Civil (JAC), Arajet la cual marco unos de 66 mil 526 durante el mes de enero, lo que equivale al 73% del total de pasajeros transportados por operadores locales.<\/p>\n","protected":false},"excerpt":{"rendered":"<p>La aerol\u00ednea dominicana Arajet sigue siendo lider en la movilidad de pasajeros, y este mes de enero fue el de mejor ocupaci\u00f3n en sus vuelos, con un promedio que super\u00f3 por primera vez el 80% , como lo estableci\u00f3 el informe de pasajeros de la Junta de Aviaci\u00f3n Civil (JAC), Arajet la cual marco unos [&hellip;]<\/p>\n","protected":false},"author":1,"featured_media":374,"comment_status":"open","ping_status":"open","sticky":false,"template":"","format":"standard","meta":{"om_disable_all_campaigns":false,"_monsterinsights_skip_tracking":false,"_monsterinsights_sitenote_active":false,"_monsterinsights_sitenote_note":"","_monsterinsights_sitenote_category":0,"footnotes":""},"categories":[20],"tags":[104,106,105,22,107],"class_list":{"0":"post-373","1":"post","2":"type-post","3":"status-publish","4":"format-standard","5":"has-post-thumbnail","7":"category-turismo","8":"tag-arajet","9":"tag-boletos-aereos","10":"tag-lowcost","11":"tag-turismo","12":"tag-vuelos"},"aioseo_notices":[],"_links":{"self":[{"href":"https:\/\/periodicolarepublica.com\/index.php\/wp-json\/wp\/v2\/posts\/373","targetHints":{"allow":["GET"]}}],"collection":[{"href":"https:\/\/periodicolarepublica.com\/index.php\/wp-json\/wp\/v2\/posts"}],"about":[{"href":"https:\/\/periodicolarepublica.com\/index.php\/wp-json\/wp\/v2\/types\/post"}],"author":[{"embeddable":true,"href":"https:\/\/periodicolarepublica.com\/index.php\/wp-json\/wp\/v2\/users\/1"}],"replies":[{"embeddable":true,"href":"https:\/\/periodicolarepublica.com\/index.php\/wp-json\/wp\/v2\/comments?post=373"}],"version-history":[{"count":2,"href":"https:\/\/periodicolarepublica.com\/index.php\/wp-json\/wp\/v2\/posts\/373\/revisions"}],"predecessor-version":[{"id":378,"href":"https:\/\/periodicolarepublica.com\/index.php\/wp-json\/wp\/v2\/posts\/373\/revisions\/378"}],"wp:featuredmedia":[{"embeddable":true,"href":"https:\/\/periodicolarepublica.com\/index.php\/wp-json\/wp\/v2\/media\/374"}],"wp:attachment":[{"href":"https:\/\/periodicolarepublica.com\/index.php\/wp-json\/wp\/v2\/media?parent=373"}],"wp:term":[{"taxonomy":"category","embeddable":true,"href":"https:\/\/periodicolarepublica.com\/index.php\/wp-json\/wp\/v2\/categories?post=373"},{"taxonomy":"post_tag","embeddable":true,"href":"https:\/\/periodicolarepublica.com\/index.php\/wp-json\/wp\/v2\/tags?post=373"}],"curies":[{"name":"wp","href":"https:\/\/api.w.org\/{rel}","templated":true}]}}