{"id":3731,"date":"2025-07-18T04:31:01","date_gmt":"2025-07-18T02:31:01","guid":{"rendered":"https:\/\/periodicolarepublica.com\/?p=3731"},"modified":"2025-07-18T04:31:01","modified_gmt":"2025-07-18T02:31:01","slug":"zahira-maxwell-pone-en-circulacion-su-libro-encarrilando-tu-vida-con-emotivo-recorrido-en-el-metro-de-santo-domingo","status":"publish","type":"post","link":"https:\/\/periodicolarepublica.com\/index.php\/2025\/07\/18\/zahira-maxwell-pone-en-circulacion-su-libro-encarrilando-tu-vida-con-emotivo-recorrido-en-el-metro-de-santo-domingo\/","title":{"rendered":"Zahira Maxwell pone en circulaci\u00f3n su libro\u00a0Encarrilando tu vida\u00a0con emotivo recorrido en el Metro de Santo Domingo"},"content":{"rendered":"<p>Santo Domingo, R.D.\u00a0\u2013 Con un simb\u00f3lico recorrido en el Metro de Santo Domingo y un emotivo acto cultural, la escritora y conferencista\u00a0Zahira Maxwell\u00a0present\u00f3 el pasado\u00a017 de julio\u00a0su m\u00e1s reciente obra:\u00a0Encarrilando tu vida, un libro que invita a los lectores a reconectar con su prop\u00f3sito, superar obst\u00e1culos y tomar las riendas de su destino personal y profesional.<\/p>\n<p>La actividad se desarroll\u00f3 en la\u00a0estaci\u00f3n Casandra Damir\u00f3n, bajo el auspicio de\u00a0Cultura Metro, como parte de su agenda de apoyo a las expresiones art\u00edsticas y literarias del pa\u00eds. En sus palabras de apertura,\u00a0Nicole Hasb\u00fan, en representaci\u00f3n del Metro, destac\u00f3 que \u201cel Metro es m\u00e1s que transporte: es cultura\u201d, y por ello celebraron la integraci\u00f3n de esta actividad a su programa cultural.<\/p>\n<p>Como parte del evento, los asistentes participaron en un recorrido especial\u00a0desde la estaci\u00f3n Casandra Damir\u00f3n hasta el Centro de los H\u00e9roes y de regreso, durante el cual vivieron una experiencia interactiva alineada con el mensaje del libro. La din\u00e1mica propici\u00f3 momentos de reflexi\u00f3n, conexi\u00f3n emocional y motivaci\u00f3n colectiva.<\/p>\n<p>Encarrilando tu vida\u00a0ofrece herramientas pr\u00e1cticas y profundas reflexiones para quienes se sienten estancados o desean redirigir su vida con claridad y sentido. A trav\u00e9s de met\u00e1foras relacionadas con el trayecto de un tren, Zahira Maxwell gu\u00eda al lector por un viaje interior de sanaci\u00f3n, reenfoque y crecimiento personal.<\/p>\n<p>Durante la jornada, la autora comparti\u00f3 parte de su historia de vida, motivando a los presentes a \u201csubirse a bordo de su historia\u201d con valent\u00eda, gratitud y esperanza. La actividad cont\u00f3 con la presencia de\u00a0reconocidas personalidades del \u00e1mbito literario, educativo y comunicacional, as\u00ed como familiares, lectores y seguidores de su trabajo.<\/p>\n<p>En representaci\u00f3n de la editorial MSC, el director destac\u00f3 el compromiso de la casa editorial con publicaciones que aportan valor a la comunidad, reiterando su disposici\u00f3n a apoyar a autores emergentes interesados en compartir sus obras.<\/p>\n<figure id=\"attachment_3732\" aria-describedby=\"caption-attachment-3732\" style=\"width: 300px\" class=\"wp-caption alignnone\"><img loading=\"lazy\" decoding=\"async\" class=\"wp-image-3732 size-medium\" src=\"https:\/\/periodicolarepublica.com\/wp-content\/uploads\/2025\/07\/IMG-20250717-WA0086-e1752805781623-300x226.jpg\" alt=\"\" width=\"300\" height=\"226\" srcset=\"https:\/\/periodicolarepublica.com\/wp-content\/uploads\/2025\/07\/IMG-20250717-WA0086-e1752805781623-300x226.jpg 300w, https:\/\/periodicolarepublica.com\/wp-content\/uploads\/2025\/07\/IMG-20250717-WA0086-e1752805781623-768x579.jpg 768w, https:\/\/periodicolarepublica.com\/wp-content\/uploads\/2025\/07\/IMG-20250717-WA0086-e1752805781623-150x113.jpg 150w, https:\/\/periodicolarepublica.com\/wp-content\/uploads\/2025\/07\/IMG-20250717-WA0086-e1752805781623-600x452.jpg 600w, https:\/\/periodicolarepublica.com\/wp-content\/uploads\/2025\/07\/IMG-20250717-WA0086-e1752805781623-696x525.jpg 696w, https:\/\/periodicolarepublica.com\/wp-content\/uploads\/2025\/07\/IMG-20250717-WA0086-e1752805781623.jpg 894w\" sizes=\"auto, (max-width: 300px) 100vw, 300px\" \/><figcaption id=\"caption-attachment-3732\" class=\"wp-caption-text\">Raquel Salas, Franchesca Abreu, Zahira Maxwell, Danny Le\u00f3n y Euselandia Alc\u00e1ntara<\/figcaption><\/figure>\n<p>www.periodicolarepublica.com<\/p>\n","protected":false},"excerpt":{"rendered":"<p>Santo Domingo, R.D.\u00a0\u2013 Con un simb\u00f3lico recorrido en el Metro de Santo Domingo y un emotivo acto cultural, la escritora y conferencista\u00a0Zahira Maxwell\u00a0present\u00f3 el pasado\u00a017 de julio\u00a0su m\u00e1s reciente obra:\u00a0Encarrilando tu vida, un libro que invita a los lectores a reconectar con su prop\u00f3sito, superar obst\u00e1culos y tomar las riendas de su destino personal y [&hellip;]<\/p>\n","protected":false},"author":1,"featured_media":3732,"comment_status":"open","ping_status":"open","sticky":false,"template":"","format":"standard","meta":{"om_disable_all_campaigns":false,"_monsterinsights_skip_tracking":false,"_monsterinsights_sitenote_active":false,"_monsterinsights_sitenote_note":"","_monsterinsights_sitenote_category":0,"footnotes":""},"categories":[1],"tags":[439,438],"class_list":{"0":"post-3731","1":"post","2":"type-post","3":"status-publish","4":"format-standard","5":"has-post-thumbnail","7":"category-nacionales","8":"tag-encarrilando-tu-vida","9":"tag-zahira-maxwell"},"aioseo_notices":[],"_links":{"self":[{"href":"https:\/\/periodicolarepublica.com\/index.php\/wp-json\/wp\/v2\/posts\/3731","targetHints":{"allow":["GET"]}}],"collection":[{"href":"https:\/\/periodicolarepublica.com\/index.php\/wp-json\/wp\/v2\/posts"}],"about":[{"href":"https:\/\/periodicolarepublica.com\/index.php\/wp-json\/wp\/v2\/types\/post"}],"author":[{"embeddable":true,"href":"https:\/\/periodicolarepublica.com\/index.php\/wp-json\/wp\/v2\/users\/1"}],"replies":[{"embeddable":true,"href":"https:\/\/periodicolarepublica.com\/index.php\/wp-json\/wp\/v2\/comments?post=3731"}],"version-history":[{"count":1,"href":"https:\/\/periodicolarepublica.com\/index.php\/wp-json\/wp\/v2\/posts\/3731\/revisions"}],"predecessor-version":[{"id":3733,"href":"https:\/\/periodicolarepublica.com\/index.php\/wp-json\/wp\/v2\/posts\/3731\/revisions\/3733"}],"wp:featuredmedia":[{"embeddable":true,"href":"https:\/\/periodicolarepublica.com\/index.php\/wp-json\/wp\/v2\/media\/3732"}],"wp:attachment":[{"href":"https:\/\/periodicolarepublica.com\/index.php\/wp-json\/wp\/v2\/media?parent=3731"}],"wp:term":[{"taxonomy":"category","embeddable":true,"href":"https:\/\/periodicolarepublica.com\/index.php\/wp-json\/wp\/v2\/categories?post=3731"},{"taxonomy":"post_tag","embeddable":true,"href":"https:\/\/periodicolarepublica.com\/index.php\/wp-json\/wp\/v2\/tags?post=3731"}],"curies":[{"name":"wp","href":"https:\/\/api.w.org\/{rel}","templated":true}]}}