{"id":3734,"date":"2025-07-19T00:12:13","date_gmt":"2025-07-18T22:12:13","guid":{"rendered":"https:\/\/periodicolarepublica.com\/?p=3734"},"modified":"2025-07-19T00:12:13","modified_gmt":"2025-07-18T22:12:13","slug":"director-ejecutivo-del-fideicomiso-do-sostenible-valora-como-positivo-la-aprobacion-de-la-ley-de-residuos","status":"publish","type":"post","link":"https:\/\/periodicolarepublica.com\/index.php\/2025\/07\/19\/director-ejecutivo-del-fideicomiso-do-sostenible-valora-como-positivo-la-aprobacion-de-la-ley-de-residuos\/","title":{"rendered":"Director ejecutivo del fideicomiso Do Sostenible valora como positivo la aprobaci\u00f3n de la Ley de residuos\u201d"},"content":{"rendered":"<p>Santo Domingo RD. El director ejecutivo del Fidecomiso Do Sostenibles, Priamos Ramires, valora este viernes como positivo y de avance para el pa\u00eds la aprobaci\u00f3n en la C\u00e1mara de Diputado, de la ley General de Gesti\u00f3n Integral y Coprocesamiento de Residuos S\u00f3lidos, 225-20.<\/p>\n<p>&nbsp;<\/p>\n<p>El director ejecutivo de Do Sostenible, destaca el trabajo consensuado que realiz\u00f3 la comisi\u00f3n de la C\u00e1mara de Diputado, con un proceso abierto, transparente y participativo, en el cual fueron escuchadas las voces de todos los sectores que tiene que ver directa e indirectamente con esta Ley.<\/p>\n<p>&nbsp;<\/p>\n<p>El funcionario afirm\u00f3 que esta legislaci\u00f3n refuerza principios clave con la econom\u00eda circular, la<\/p>\n<p>responsabilidad extendida del productor y la necesidad de eliminar<\/p>\n<p>progresivamente los vertederos a cielo abierto, para dar paso a soluciones modernas y sostenibles como las estaciones de transferencia, las plantas de valorizaci\u00f3n y los proyectos integrados.<\/p>\n<p>&nbsp;<\/p>\n<p>Agrego que est\u00e1 ley refuerza las competencias del fideicomiso como herramienta para cerrar los vertederos a cielo abierto, que tanto afectan la salud y el medioambiente, adem\u00e1s canalizar los recursos para la construcci\u00f3n de infraestructuras adecuadas y garantizar el pago a los gestores autorizados.<\/p>\n<p>&nbsp;<\/p>\n<p>Priamos Ramires afirma que est\u00e1 modificaci\u00f3n da un paso firme para continuar construyendo una Rep\u00fablica Dominicana m\u00e1s limpia, saludable y sostenible, as\u00ed mismo el crecimiento de los municipios y distritos municipales.<\/p>\n<p>&nbsp;<\/p>\n<p>Finalmente, Pr\u00edamo hizo un llamado a al sector empresarial y a los gobiernos locales a involucrarse de manera activa en la implementaci\u00f3n de esta ley. \u201cesta es una responsabilidad de todos, no solo estamos hablando de residuos, estamos hablando del futuro del pa\u00eds, de la salud de nuestras comunidades y de la sostenibilidad ambiental\u201d, precis\u00f3 Pr\u00edamo.<\/p>\n<p>&nbsp;<\/p>\n<p>*Acerca de la Ley 225-20*<\/p>\n<p>&nbsp;<\/p>\n<p>La Ley 225\u201120, promulgada en septiembre de 2020, establece un sistema integral de gesti\u00f3n de residuos s\u00f3lidos en Rep\u00fablica Dominicana.<\/p>\n<p>&nbsp;<\/p>\n<p>Su objetivo es prevenir su generaci\u00f3n y regular su reducci\u00f3n, reutilizaci\u00f3n, reciclaje, transporte y disposici\u00f3n final.<\/p>\n<p>&nbsp;<\/p>\n<p>Adem\u00e1s promueve su valorizaci\u00f3n energ\u00e9tica y establece incentivos fiscales, contribuciones obligatorias y un fideicomiso especializado para gestionar recursos ambientales.<img loading=\"lazy\" decoding=\"async\" class=\"size-full wp-image-3735 alignright\" src=\"https:\/\/periodicolarepublica.com\/wp-content\/uploads\/2025\/07\/IMG-20250718-WA0569-e1752876721788.jpg\" alt=\"\" width=\"250\" height=\"133\" srcset=\"https:\/\/periodicolarepublica.com\/wp-content\/uploads\/2025\/07\/IMG-20250718-WA0569-e1752876721788.jpg?v=1752876699 250w, https:\/\/periodicolarepublica.com\/wp-content\/uploads\/2025\/07\/IMG-20250718-WA0569-e1752876721788-150x80.jpg?v=1752876699 150w\" sizes=\"auto, (max-width: 250px) 100vw, 250px\" \/><\/p>\n","protected":false},"excerpt":{"rendered":"<p>Santo Domingo RD. El director ejecutivo del Fidecomiso Do Sostenibles, Priamos Ramires, valora este viernes como positivo y de avance para el pa\u00eds la aprobaci\u00f3n en la C\u00e1mara de Diputado, de la ley General de Gesti\u00f3n Integral y Coprocesamiento de Residuos S\u00f3lidos, 225-20. &nbsp; El director ejecutivo de Do Sostenible, destaca el trabajo consensuado que [&hellip;]<\/p>\n","protected":false},"author":10,"featured_media":3735,"comment_status":"open","ping_status":"open","sticky":false,"template":"","format":"standard","meta":{"om_disable_all_campaigns":false,"_monsterinsights_skip_tracking":false,"_monsterinsights_sitenote_active":false,"_monsterinsights_sitenote_note":"","_monsterinsights_sitenote_category":0,"footnotes":""},"categories":[1],"tags":[],"class_list":{"0":"post-3734","1":"post","2":"type-post","3":"status-publish","4":"format-standard","5":"has-post-thumbnail","7":"category-nacionales"},"aioseo_notices":[],"_links":{"self":[{"href":"https:\/\/periodicolarepublica.com\/index.php\/wp-json\/wp\/v2\/posts\/3734","targetHints":{"allow":["GET"]}}],"collection":[{"href":"https:\/\/periodicolarepublica.com\/index.php\/wp-json\/wp\/v2\/posts"}],"about":[{"href":"https:\/\/periodicolarepublica.com\/index.php\/wp-json\/wp\/v2\/types\/post"}],"author":[{"embeddable":true,"href":"https:\/\/periodicolarepublica.com\/index.php\/wp-json\/wp\/v2\/users\/10"}],"replies":[{"embeddable":true,"href":"https:\/\/periodicolarepublica.com\/index.php\/wp-json\/wp\/v2\/comments?post=3734"}],"version-history":[{"count":1,"href":"https:\/\/periodicolarepublica.com\/index.php\/wp-json\/wp\/v2\/posts\/3734\/revisions"}],"predecessor-version":[{"id":3736,"href":"https:\/\/periodicolarepublica.com\/index.php\/wp-json\/wp\/v2\/posts\/3734\/revisions\/3736"}],"wp:featuredmedia":[{"embeddable":true,"href":"https:\/\/periodicolarepublica.com\/index.php\/wp-json\/wp\/v2\/media\/3735"}],"wp:attachment":[{"href":"https:\/\/periodicolarepublica.com\/index.php\/wp-json\/wp\/v2\/media?parent=3734"}],"wp:term":[{"taxonomy":"category","embeddable":true,"href":"https:\/\/periodicolarepublica.com\/index.php\/wp-json\/wp\/v2\/categories?post=3734"},{"taxonomy":"post_tag","embeddable":true,"href":"https:\/\/periodicolarepublica.com\/index.php\/wp-json\/wp\/v2\/tags?post=3734"}],"curies":[{"name":"wp","href":"https:\/\/api.w.org\/{rel}","templated":true}]}}